{"id":32180,"date":"2026-01-11T20:35:42","date_gmt":"2026-01-12T01:35:42","guid":{"rendered":"https:\/\/www.perupesquero.org\/web\/?p=32180"},"modified":"2026-01-11T20:35:51","modified_gmt":"2026-01-12T01:35:51","slug":"ahora-son-oleajes-marina-emite-alerta-y-pide-suspender-actividades-en-playas-y-puertos-hasta-el-16-de-enero","status":"publish","type":"post","link":"http:\/\/www.perupesquero.org\/web\/ahora-son-oleajes-marina-emite-alerta-y-pide-suspender-actividades-en-playas-y-puertos-hasta-el-16-de-enero\/","title":{"rendered":"Ahora son oleajes: Marina emite alerta y pide suspender actividades en playas y puertos hasta el 16 de enero"},"content":{"rendered":"<p>El mar incrementar\u00e1 su fuerza en los pr\u00f3ximos d\u00edas. La Marina de Guerra del Per\u00fa, a trav\u00e9s de la Direcci\u00f3n de Hidrograf\u00eda y Navegaci\u00f3n (DHN), emiti\u00f3 un aviso especial por oleajes an\u00f3malos que afectar\u00e1n el litoral norte y centro del pa\u00eds a partir de este domingo 11 hasta el viernes 16 de enero de 2026.<\/p>\n<p>Este fen\u00f3meno se caracteriza por la llegada de olas con mayor altura y energ\u00eda de lo habitual, lo que representa un riesgo para las actividades mar\u00edtimas, portuarias y recreativas, especialmente en zonas expuestas al oc\u00e9ano.<\/p>\n<p>Zonas m\u00e1s afectadas por el oleaje.<\/p>\n<p>Seg\u00fan el reporte oficial, las \u00e1reas con mayor impacto ser\u00e1n las playas abiertas o semiabiertas orientadas al noroeste, ubicadas entre Tumbes y San Juan de Marcona, donde se prev\u00e9 la presencia de oleaje ligero a moderado.<\/p>\n<p>En contraste, el litoral sur, desde San Juan de Marcona hasta Tacna, mantendr\u00e1 condiciones normales durante todo el periodo de vigencia del aviso.<\/p>\n<p>Evoluci\u00f3n del fen\u00f3meno por regiones<\/p>\n<p>La DHN detall\u00f3 el comportamiento del oleaje en las zonas afectadas:<\/p>\n<p>Litoral norte (Tumbes \u2013 Salaverry):<br \/>\nEl oleaje ligero se presentar\u00e1 desde la tarde de este domingo 11, se intensificar\u00e1 a moderado desde el lunes 12 y disminuir\u00e1 nuevamente a ligero la ma\u00f1ana del mi\u00e9rcoles 14.<\/p>\n<p>Litoral centro (sur de Salaverry \u2013 San Juan de Marcona):<br \/>\nEl oleaje ligero comenzar\u00e1 la tarde del lunes 12, alcanzar\u00e1 intensidad moderada la ma\u00f1ana del martes 13 y retornar\u00e1 a condiciones ligeras el mi\u00e9rcoles 14.<\/p>\n<p>Estas variaciones podr\u00edan generar mayor energ\u00eda del mar, afectando a pescadores, embarcaciones menores y personas que realizan actividades recreativas en la costa.<\/p>\n<p>Recomendaciones de las autoridades<\/p>\n<p>Ante este escenario, el Instituto Nacional de Defensa Civil (INDECI) exhort\u00f3 a las autoridades regionales y locales a reforzar las medidas de prevenci\u00f3n e informar a la poblaci\u00f3n. Entre las principales recomendaciones figuran:<\/p>\n<p>Suspender actividades portuarias, pesqueras, deportivas y recreativas.<\/p>\n<p>Restringir el acceso a zonas consideradas de riesgo.<\/p>\n<p>Asegurar o retirar a tierra firme las embarcaciones peque\u00f1as.<\/p>\n<p>Evitar acampar o ingresar al mar mientras dure el aviso.<\/p>\n<p>El Centro de Operaciones de Emergencia Nacional (COEN) mantiene un monitoreo permanente del evento en coordinaci\u00f3n con la Marina y las oficinas de Gesti\u00f3n del Riesgo de Desastres.<\/p>\n<p>\u00bfQu\u00e9 son los oleajes an\u00f3malos?<\/p>\n<p>La Direcci\u00f3n de Hidrograf\u00eda y Navegaci\u00f3n explica que los oleajes an\u00f3malos se producen por un incremento inusual en la altura y energ\u00eda de las olas que se desplazan desde el oc\u00e9ano abierto hacia la costa. En eventos ligeros, las olas pueden superar hasta en 50 % sus valores normales, mientras que en episodios m\u00e1s intensos pueden duplicar o triplicar su altura.<\/p>\n<p>Estos fen\u00f3menos est\u00e1n asociados a cambios en la presi\u00f3n atmosf\u00e9rica y al fortalecimiento de vientos en zonas lejanas del oc\u00e9ano Pac\u00edfico, capaces de generar trenes de olas que recorren miles de kil\u00f3metros antes de llegar al litoral peruano.<\/p>\n<p>&nbsp;<\/p>\n","protected":false},"excerpt":{"rendered":"<p>El mar incrementar\u00e1 su fuerza en los pr\u00f3ximos d\u00edas. La Marina de Guerra del Per\u00fa, a trav\u00e9s de la Direcci\u00f3n de Hidrograf\u00eda y Navegaci\u00f3n (DHN), emiti\u00f3 un aviso especial por oleajes an\u00f3malos que afectar\u00e1n el litoral norte y centro del pa\u00eds a partir de este domingo 11 hasta el viernes 16 de enero de 2026. [&hellip;]<\/p>\n","protected":false},"author":2,"featured_media":26294,"comment_status":"open","ping_status":"open","sticky":false,"template":"","format":"standard","meta":{"footnotes":""},"categories":[63],"tags":[],"class_list":["post-32180","post","type-post","status-publish","format-standard","has-post-thumbnail","hentry","category-noticias"],"_links":{"self":[{"href":"http:\/\/www.perupesquero.org\/web\/wp-json\/wp\/v2\/posts\/32180","targetHints":{"allow":["GET"]}}],"collection":[{"href":"http:\/\/www.perupesquero.org\/web\/wp-json\/wp\/v2\/posts"}],"about":[{"href":"http:\/\/www.perupesquero.org\/web\/wp-json\/wp\/v2\/types\/post"}],"author":[{"embeddable":true,"href":"http:\/\/www.perupesquero.org\/web\/wp-json\/wp\/v2\/users\/2"}],"replies":[{"embeddable":true,"href":"http:\/\/www.perupesquero.org\/web\/wp-json\/wp\/v2\/comments?post=32180"}],"version-history":[{"count":1,"href":"http:\/\/www.perupesquero.org\/web\/wp-json\/wp\/v2\/posts\/32180\/revisions"}],"predecessor-version":[{"id":32181,"href":"http:\/\/www.perupesquero.org\/web\/wp-json\/wp\/v2\/posts\/32180\/revisions\/32181"}],"wp:featuredmedia":[{"embeddable":true,"href":"http:\/\/www.perupesquero.org\/web\/wp-json\/wp\/v2\/media\/26294"}],"wp:attachment":[{"href":"http:\/\/www.perupesquero.org\/web\/wp-json\/wp\/v2\/media?parent=32180"}],"wp:term":[{"taxonomy":"category","embeddable":true,"href":"http:\/\/www.perupesquero.org\/web\/wp-json\/wp\/v2\/categories?post=32180"},{"taxonomy":"post_tag","embeddable":true,"href":"http:\/\/www.perupesquero.org\/web\/wp-json\/wp\/v2\/tags?post=32180"}],"curies":[{"name":"wp","href":"https:\/\/api.w.org\/{rel}","templated":true}]}}