{"id":32151,"date":"2026-01-06T19:17:26","date_gmt":"2026-01-07T00:17:26","guid":{"rendered":"https:\/\/www.perupesquero.org\/web\/?p=32151"},"modified":"2026-01-06T19:17:26","modified_gmt":"2026-01-07T00:17:26","slug":"pesca-ecuador-espera-el-fin-de-la-tarjeta-amarilla-de-la-ue","status":"publish","type":"post","link":"http:\/\/www.perupesquero.org\/web\/pesca-ecuador-espera-el-fin-de-la-tarjeta-amarilla-de-la-ue\/","title":{"rendered":"Pesca: Ecuador espera el fin de la &#8220;tarjeta amarilla&#8221; de la UE"},"content":{"rendered":"<p>Durante una reuni\u00f3n desarrollada en Manta entre la ministra de Gobierno, Nathaly Morillo, y representantes de los sectores productivos del pa\u00eds, el sector pesquero plante\u00f3 como temas centrales la seguridad y el levantamiento de la denominada \u201ctarjeta amarilla\u201d impuesta por la Uni\u00f3n Europea. As\u00ed lo inform\u00f3 la viceministra de Acuacultura y Pesca, Ivanova Cereceda, quien particip\u00f3 en el encuentro junto a empresarios, armadores y representantes de plantas industriales.<\/p>\n<p data-start=\"715\" data-end=\"949\">Cereceda explic\u00f3 que la reuni\u00f3n fue convocada con el objetivo de escuchar las inquietudes del sector pesquero, siendo la seguridad uno de los ejes principales, debido al impacto que tiene sobre las actividades mar\u00edtimas y productivas.<\/p>\n<p data-start=\"951\" data-end=\"1259\">En relaci\u00f3n con la tarjeta amarilla, la viceministra se\u00f1al\u00f3 que Ecuador ya ha cumplido con todos los requerimientos exigidos por la Uni\u00f3n Europea y que los avances ser\u00e1n expuestos en una reuni\u00f3n oficial en Bruselas, los d\u00edas 21 y 22 de enero, ante la Direcci\u00f3n General de Asuntos Mar\u00edtimos y Pesca (DG MARE).<\/p>\n<p data-start=\"1261\" data-end=\"1644\">\u201cAl pa\u00eds se le exigieron tres puntos fundamentales: fortalecer el marco jur\u00eddico, el control de la trazabilidad y el r\u00e9gimen sancionatorio. Todo eso ya est\u00e1 solventado. Contamos con la Ley Org\u00e1nica para el Desarrollo de la Acuicultura y Pesca (LODAP), vigente desde 2020, su respectivo reglamento, un sistema robusto de trazabilidad y un marco sancionatorio s\u00f3lido\u201d, afirm\u00f3 Cereceda.<\/p>\n<p data-start=\"1646\" data-end=\"1839\">A\u00f1adi\u00f3 que Ecuador posee uno de los mejores sistemas de trazabilidad del mundo, reconocimiento respaldado incluso por la FAO, lo que refuerza la expectativa de que la advertencia sea levantada.<\/p>\n<p data-start=\"1841\" data-end=\"2293\">La viceministra destac\u00f3 que, pese a la vigencia de la tarjeta amarilla, la industria pesquera ecuatoriana ha mantenido un crecimiento sostenido. \u201cEste a\u00f1o el sector pesquero alcanzar\u00e1 aproximadamente 1.500 millones de d\u00f3lares en exportaciones y, junto con la acuacultura, superaremos los 10.500 millones de d\u00f3lares. Exportamos el 31 % de la producci\u00f3n nacional, lo que demuestra la importancia estrat\u00e9gica del sector para la econom\u00eda del pa\u00eds\u201d, se\u00f1al\u00f3.<\/p>\n<p data-start=\"2295\" data-end=\"2624\">Cereceda resalt\u00f3 que Ecuador es uno de los principales exportadores mundiales de camar\u00f3n y at\u00fan, y subray\u00f3 que el pa\u00eds debe consolidarse como referente n\u00famero uno en calidad de at\u00fan a nivel global. En ese contexto, enfatiz\u00f3 que la permanencia de la tarjeta amarilla representa principalmente una limitaci\u00f3n de car\u00e1cter comercial.<\/p>\n<p data-start=\"2626\" data-end=\"2895\">\u201cSi bien actualmente la tarjeta amarilla no impide exportar, s\u00ed genera dudas en algunos compradores y limita la posibilidad de acceder a mejores precios. Su levantamiento brindar\u00e1 mayor tranquilidad y competitividad a nuestros productos en el mercado europeo\u201d, sostuvo.<\/p>\n<p data-start=\"2897\" data-end=\"3167\">Finalmente, la viceministra reiter\u00f3 su optimismo frente a la pr\u00f3xima reuni\u00f3n en Bruselas y afirm\u00f3 que Ecuador ha demostrado, con hechos y resultados, que est\u00e1 preparado para dejar atr\u00e1s esta advertencia y fortalecer a\u00fan m\u00e1s su liderazgo en la industria pesquera mundial.<\/p>\n<p><strong>\u00a0<\/strong><\/p>\n<p>&nbsp;<\/p>\n<p>&nbsp;<\/p>\n","protected":false},"excerpt":{"rendered":"<p>Durante una reuni\u00f3n desarrollada en Manta entre la ministra de Gobierno, Nathaly Morillo, y representantes de los sectores productivos del pa\u00eds, el sector pesquero plante\u00f3 como temas centrales la seguridad y el levantamiento de la denominada \u201ctarjeta amarilla\u201d impuesta por la Uni\u00f3n Europea. As\u00ed lo inform\u00f3 la viceministra de Acuacultura y Pesca, Ivanova Cereceda, quien [&hellip;]<\/p>\n","protected":false},"author":2,"featured_media":32152,"comment_status":"open","ping_status":"open","sticky":false,"template":"","format":"standard","meta":{"footnotes":""},"categories":[63],"tags":[],"class_list":["post-32151","post","type-post","status-publish","format-standard","has-post-thumbnail","hentry","category-noticias"],"_links":{"self":[{"href":"http:\/\/www.perupesquero.org\/web\/wp-json\/wp\/v2\/posts\/32151","targetHints":{"allow":["GET"]}}],"collection":[{"href":"http:\/\/www.perupesquero.org\/web\/wp-json\/wp\/v2\/posts"}],"about":[{"href":"http:\/\/www.perupesquero.org\/web\/wp-json\/wp\/v2\/types\/post"}],"author":[{"embeddable":true,"href":"http:\/\/www.perupesquero.org\/web\/wp-json\/wp\/v2\/users\/2"}],"replies":[{"embeddable":true,"href":"http:\/\/www.perupesquero.org\/web\/wp-json\/wp\/v2\/comments?post=32151"}],"version-history":[{"count":1,"href":"http:\/\/www.perupesquero.org\/web\/wp-json\/wp\/v2\/posts\/32151\/revisions"}],"predecessor-version":[{"id":32153,"href":"http:\/\/www.perupesquero.org\/web\/wp-json\/wp\/v2\/posts\/32151\/revisions\/32153"}],"wp:featuredmedia":[{"embeddable":true,"href":"http:\/\/www.perupesquero.org\/web\/wp-json\/wp\/v2\/media\/32152"}],"wp:attachment":[{"href":"http:\/\/www.perupesquero.org\/web\/wp-json\/wp\/v2\/media?parent=32151"}],"wp:term":[{"taxonomy":"category","embeddable":true,"href":"http:\/\/www.perupesquero.org\/web\/wp-json\/wp\/v2\/categories?post=32151"},{"taxonomy":"post_tag","embeddable":true,"href":"http:\/\/www.perupesquero.org\/web\/wp-json\/wp\/v2\/tags?post=32151"}],"curies":[{"name":"wp","href":"https:\/\/api.w.org\/{rel}","templated":true}]}}