{"id":32072,"date":"2025-12-11T18:22:19","date_gmt":"2025-12-11T23:22:19","guid":{"rendered":"https:\/\/www.perupesquero.org\/web\/?p=32072"},"modified":"2025-12-11T18:22:30","modified_gmt":"2025-12-11T23:22:30","slug":"austral-group-entrego-100-becas-de-capacitacion-a-jovenes-coishco-chancay-pisco-y-callao","status":"publish","type":"post","link":"http:\/\/www.perupesquero.org\/web\/austral-group-entrego-100-becas-de-capacitacion-a-jovenes-coishco-chancay-pisco-y-callao\/","title":{"rendered":"Austral Group entreg\u00f3 100 becas de capacitaci\u00f3n a j\u00f3venes Coishco, Chancay, Pisco y Callao"},"content":{"rendered":"<p><em><strong>En alianza con Fundaci\u00f3n Forge, la pesquera impulsa la empleabilidad y el desarrollo de este segmento de la poblaci\u00f3n en sus zonas de influencia.<\/strong><\/em><\/p>\n<p>La empresa pesquera Austral Group, en alianza con Fundaci\u00f3n Forge, entreg\u00f3 100 becas a j\u00f3venes de Coishco, Chancay, Pisco y Callao &#8211; zonas cercanas a sus operaciones &#8211; con el objetivo de brindarles capacitaci\u00f3n gratuita a trav\u00e9s del programa \u201cTu Futuro\u201d y ayudarlos a insertarse en el mundo laboral formal.<\/p>\n<p>La CEO de Austral Group, Adriana Giudice inform\u00f3 que 35 beneficiarios provienen de Coishco, 25 de Chancay, 20 de Pisco y 20 de Callao. Asimismo, el 66% son mujeres y el 34% varones, con edades que fluct\u00faan entre los 18 y 24 a\u00f1os.<\/p>\n<p>\u201cCreemos en el poder transformador de la educaci\u00f3n y la capacitaci\u00f3n. Con esta alianza, reafirmamos nuestro compromiso con los j\u00f3venes, brind\u00e1ndoles oportunidades reales para crecer, acceder a un empleo formal y construir su propio futuro\u201d, subray\u00f3 Giudice.<\/p>\n<p>La entrega se realiz\u00f3 de forma virtual y confirma el firme compromiso de Austral Group con el desarrollo de las comunidades donde opera, fomentando oportunidades para los j\u00f3venes y fortaleciendo su papel en el futuro del pa\u00eds.<\/p>\n<p>Cabe recordar que el programa \u201cTu Futuro\u201d est\u00e1 vigente desde el 2020 y ofrece seis meses de capacitaci\u00f3n gratuita en el fortalecimiento de habilidades blandas y competencias t\u00e9cnicas en los rubros de log\u00edstica y distribuci\u00f3n, ventas y atenci\u00f3n al cliente, as\u00ed como servicios alimentarios. Adem\u00e1s, cada participante recibe asesor\u00eda personalizada durante un a\u00f1o para acompa\u00f1ar su proceso de b\u00fasqueda de empleo formal.<\/p>\n","protected":false},"excerpt":{"rendered":"<p>En alianza con Fundaci\u00f3n Forge, la pesquera impulsa la empleabilidad y el desarrollo de este segmento de la poblaci\u00f3n en sus zonas de influencia. La empresa pesquera Austral Group, en alianza con Fundaci\u00f3n Forge, entreg\u00f3 100 becas a j\u00f3venes de Coishco, Chancay, Pisco y Callao &#8211; zonas cercanas a sus operaciones &#8211; con el objetivo [&hellip;]<\/p>\n","protected":false},"author":2,"featured_media":32073,"comment_status":"open","ping_status":"open","sticky":false,"template":"","format":"standard","meta":{"footnotes":""},"categories":[63],"tags":[],"class_list":["post-32072","post","type-post","status-publish","format-standard","has-post-thumbnail","hentry","category-noticias"],"_links":{"self":[{"href":"http:\/\/www.perupesquero.org\/web\/wp-json\/wp\/v2\/posts\/32072","targetHints":{"allow":["GET"]}}],"collection":[{"href":"http:\/\/www.perupesquero.org\/web\/wp-json\/wp\/v2\/posts"}],"about":[{"href":"http:\/\/www.perupesquero.org\/web\/wp-json\/wp\/v2\/types\/post"}],"author":[{"embeddable":true,"href":"http:\/\/www.perupesquero.org\/web\/wp-json\/wp\/v2\/users\/2"}],"replies":[{"embeddable":true,"href":"http:\/\/www.perupesquero.org\/web\/wp-json\/wp\/v2\/comments?post=32072"}],"version-history":[{"count":1,"href":"http:\/\/www.perupesquero.org\/web\/wp-json\/wp\/v2\/posts\/32072\/revisions"}],"predecessor-version":[{"id":32074,"href":"http:\/\/www.perupesquero.org\/web\/wp-json\/wp\/v2\/posts\/32072\/revisions\/32074"}],"wp:featuredmedia":[{"embeddable":true,"href":"http:\/\/www.perupesquero.org\/web\/wp-json\/wp\/v2\/media\/32073"}],"wp:attachment":[{"href":"http:\/\/www.perupesquero.org\/web\/wp-json\/wp\/v2\/media?parent=32072"}],"wp:term":[{"taxonomy":"category","embeddable":true,"href":"http:\/\/www.perupesquero.org\/web\/wp-json\/wp\/v2\/categories?post=32072"},{"taxonomy":"post_tag","embeddable":true,"href":"http:\/\/www.perupesquero.org\/web\/wp-json\/wp\/v2\/tags?post=32072"}],"curies":[{"name":"wp","href":"https:\/\/api.w.org\/{rel}","templated":true}]}}