{"id":32040,"date":"2025-12-04T17:47:33","date_gmt":"2025-12-04T22:47:33","guid":{"rendered":"https:\/\/www.perupesquero.org\/web\/?p=32040"},"modified":"2025-12-04T17:47:49","modified_gmt":"2025-12-04T22:47:49","slug":"omm-preve-un-fenomeno-de-la-nina-debil-asociado-a-un-clima-mas-frio-hasta-febrero-de-2026","status":"publish","type":"post","link":"http:\/\/www.perupesquero.org\/web\/omm-preve-un-fenomeno-de-la-nina-debil-asociado-a-un-clima-mas-frio-hasta-febrero-de-2026\/","title":{"rendered":"OMM prev\u00e9 un fen\u00f3meno de La Ni\u00f1a d\u00e9bil, asociado a un clima m\u00e1s fr\u00edo hasta febrero de 2026"},"content":{"rendered":"<p>La Organizaci\u00f3n Meteorol\u00f3gica Mundial (OMM) inform\u00f3 este jueves que existe un 55 % de probabilidades de que el fen\u00f3meno de La Ni\u00f1a, habitualmente ligado a un enfriamiento de las temperaturas, afecte el clima entre diciembre y febrero, aunque en una versi\u00f3n debilitada.<\/p>\n<p data-start=\"467\" data-end=\"710\">En su actualizaci\u00f3n publicada hoy, la OMM precis\u00f3 que, aunque La Ni\u00f1a suele asociarse a una disminuci\u00f3n temporal de las temperaturas medias globales, algunas regiones podr\u00edan continuar experimentando condiciones m\u00e1s calurosas de lo normal.<\/p>\n<p data-start=\"712\" data-end=\"1089\">A medida que avance el a\u00f1o 2026, la OMM prev\u00e9 que el planeta transite hacia condiciones neutrales, es decir, sin la influencia de La Ni\u00f1a ni de su fen\u00f3meno opuesto, El Ni\u00f1o, caracterizado por el aumento de temperaturas. Seg\u00fan el bolet\u00edn peri\u00f3dico de la agencia de la ONU, la probabilidad de estas condiciones neutrales aumentar\u00e1 hasta un 75 % entre febrero y abril.<\/p>\n<p data-start=\"1091\" data-end=\"1308\">La Ni\u00f1a se origina por un descenso de las temperaturas del agua en el oc\u00e9ano Pac\u00edfico central y oriental, acompa\u00f1ado de cambios en la circulaci\u00f3n atmosf\u00e9rica tropical que modifican los patrones de viento y lluvia.<\/p>\n<p data-start=\"1310\" data-end=\"1451\">El fen\u00f3meno de El Ni\u00f1o, por su parte, no ha sido observado desde 2024, hasta ahora el a\u00f1o m\u00e1s c\u00e1lido en los registros meteorol\u00f3gicos.<\/p>\n<p>&nbsp;<\/p>\n","protected":false},"excerpt":{"rendered":"<p>La Organizaci\u00f3n Meteorol\u00f3gica Mundial (OMM) inform\u00f3 este jueves que existe un 55 % de probabilidades de que el fen\u00f3meno de La Ni\u00f1a, habitualmente ligado a un enfriamiento de las temperaturas, afecte el clima entre diciembre y febrero, aunque en una versi\u00f3n debilitada. En su actualizaci\u00f3n publicada hoy, la OMM precis\u00f3 que, aunque La Ni\u00f1a suele [&hellip;]<\/p>\n","protected":false},"author":2,"featured_media":32041,"comment_status":"open","ping_status":"open","sticky":false,"template":"","format":"standard","meta":{"footnotes":""},"categories":[63],"tags":[],"class_list":["post-32040","post","type-post","status-publish","format-standard","has-post-thumbnail","hentry","category-noticias"],"_links":{"self":[{"href":"http:\/\/www.perupesquero.org\/web\/wp-json\/wp\/v2\/posts\/32040","targetHints":{"allow":["GET"]}}],"collection":[{"href":"http:\/\/www.perupesquero.org\/web\/wp-json\/wp\/v2\/posts"}],"about":[{"href":"http:\/\/www.perupesquero.org\/web\/wp-json\/wp\/v2\/types\/post"}],"author":[{"embeddable":true,"href":"http:\/\/www.perupesquero.org\/web\/wp-json\/wp\/v2\/users\/2"}],"replies":[{"embeddable":true,"href":"http:\/\/www.perupesquero.org\/web\/wp-json\/wp\/v2\/comments?post=32040"}],"version-history":[{"count":1,"href":"http:\/\/www.perupesquero.org\/web\/wp-json\/wp\/v2\/posts\/32040\/revisions"}],"predecessor-version":[{"id":32042,"href":"http:\/\/www.perupesquero.org\/web\/wp-json\/wp\/v2\/posts\/32040\/revisions\/32042"}],"wp:featuredmedia":[{"embeddable":true,"href":"http:\/\/www.perupesquero.org\/web\/wp-json\/wp\/v2\/media\/32041"}],"wp:attachment":[{"href":"http:\/\/www.perupesquero.org\/web\/wp-json\/wp\/v2\/media?parent=32040"}],"wp:term":[{"taxonomy":"category","embeddable":true,"href":"http:\/\/www.perupesquero.org\/web\/wp-json\/wp\/v2\/categories?post=32040"},{"taxonomy":"post_tag","embeddable":true,"href":"http:\/\/www.perupesquero.org\/web\/wp-json\/wp\/v2\/tags?post=32040"}],"curies":[{"name":"wp","href":"https:\/\/api.w.org\/{rel}","templated":true}]}}