{"id":32023,"date":"2025-12-02T23:13:01","date_gmt":"2025-12-03T04:13:01","guid":{"rendered":"https:\/\/www.perupesquero.org\/web\/?p=32023"},"modified":"2025-12-02T23:13:15","modified_gmt":"2025-12-03T04:13:15","slug":"confirmado-la-nina-regresa-este-invierno-con-mas-nieve-en-el-norte-segun-la-noaa","status":"publish","type":"post","link":"http:\/\/www.perupesquero.org\/web\/confirmado-la-nina-regresa-este-invierno-con-mas-nieve-en-el-norte-segun-la-noaa\/","title":{"rendered":"Confirmado: La Ni\u00f1a regresa este invierno con m\u00e1s nieve en el norte, seg\u00fan la NOAA"},"content":{"rendered":"<p>La Administraci\u00f3n Nacional Oce\u00e1nica y Atmosf\u00e9rica de Estados Unidos (NOAA) confirm\u00f3 el retorno de La Ni\u00f1a, un fen\u00f3meno clim\u00e1tico que traer\u00e1 en general m\u00e1s nieve y condiciones m\u00e1s h\u00famedas en el norte del hemisferio norte, mientras que el sur enfrentar\u00e1 un invierno m\u00e1s seco durante la temporada 2025-26.<\/p>\n<p>La NOAA anunci\u00f3 oficialmente un \u201cLa Ni\u00f1a Advisory\u201d, se\u00f1al de que el evento ya est\u00e1 instalado en el Pac\u00edfico ecuatorial y persistir\u00e1 durante todo el invierno boreal, con una posible transici\u00f3n hacia condiciones neutrales entre enero y marzo.<\/p>\n<p>Qu\u00e9 est\u00e1 ocurriendo en el Pac\u00edfico<\/p>\n<p>El m\u00e1s reciente informe del Climate Prediction Center (CPC) indica que las temperaturas del mar en el Pac\u00edfico ecuatorial permanecen por debajo del promedio. La atm\u00f3sfera presenta los rasgos t\u00edpicos de La Ni\u00f1a:<\/p>\n<p>Vientos alisios fortalecidos,<\/p>\n<p>Enfriamiento de las aguas del Pac\u00edfico oriental,<\/p>\n<p>Convecci\u00f3n desplazada hacia Indonesia.<\/p>\n<p>Este conjunto de factores configura un patr\u00f3n clim\u00e1tico que, de manera general, favorece inviernos m\u00e1s fr\u00edos y h\u00famedos en el norte del hemisferio norte, y m\u00e1s c\u00e1lidos y secos en el sur, aunque otros patrones globales tambi\u00e9n influyen.<\/p>\n<p>Efectos previstos en Norteam\u00e9rica<\/p>\n<p>Con una La Ni\u00f1a de intensidad moderada, la NOAA anticipa:<\/p>\n<p>M\u00e1s precipitaciones y nevadas en las Monta\u00f1as Rocosas, parte del noroeste del continente y la regi\u00f3n de los Grandes Lagos.<\/p>\n<p>En la Sierra Nevada, el incremento ser\u00eda m\u00e1s moderado.<\/p>\n<p>Menos nieve y mayor sequedad en el sur y suroeste de Estados Unidos.<\/p>\n<p>Impacto en Europa<\/p>\n<p>Aunque los efectos de La Ni\u00f1a en Europa son m\u00e1s indirectos, los modelos clim\u00e1ticos apuntan a la posibilidad de patrones de bloqueo que permitir\u00edan irrupciones de aire fr\u00edo desde el norte. Esto podr\u00eda generar nevadas m\u00e1s tempranas y persistentes en los Alpes y los Pirineos occidentales.<br \/>\nEn contraste, la regi\u00f3n del Mediterr\u00e1neo podr\u00eda registrar un invierno m\u00e1s seco de lo habitual.<\/p>\n<p>Lo que dice la ciencia<\/p>\n<p>El \u00edndice Ni\u00f1o 3.4 \u2014indicador clave del estado del ENSO\u2014 se sit\u00faa actualmente en \u20130,3 \u00b0C, y los modelos de la NOAA y del International Research Institute (IRI) proyectan un mayor enfriamiento, consolidando una La Ni\u00f1a moderada entre diciembre y febrero.<\/p>\n<p>\u201cLa Ni\u00f1a est\u00e1 aqu\u00ed y se quedar\u00e1 durante buena parte del invierno. Este patr\u00f3n favorecer\u00e1 m\u00e1s nieve en el norte y un tiempo m\u00e1s estable en el sur\u201d, explica Jon Gottschalck, meteor\u00f3logo del CPC\/NOAA.<\/p>\n<p>\u00bfQu\u00e9 significa para los esquiadores?<\/p>\n<p>Para los amantes de la nieve, La Ni\u00f1a podr\u00eda traer un invierno especialmente din\u00e1mico:<\/p>\n<p>En Norteam\u00e9rica, se prev\u00e9 m\u00e1s fr\u00edo y nevadas abundantes en el noroeste y las Rocosas, mientras que el suroeste tendr\u00eda menos precipitaciones.<\/p>\n<p>En Europa, los efectos depender\u00e1n tambi\u00e9n de la Oscilaci\u00f3n del Atl\u00e1ntico Norte (NAO) y la Oscilaci\u00f3n \u00c1rtica (AO), que podr\u00edan impulsar la llegada de aire fr\u00edo y episodios de nieve en los Pirineos y los Alpes.<\/p>\n<p>&nbsp;<\/p>\n","protected":false},"excerpt":{"rendered":"<p>La Administraci\u00f3n Nacional Oce\u00e1nica y Atmosf\u00e9rica de Estados Unidos (NOAA) confirm\u00f3 el retorno de La Ni\u00f1a, un fen\u00f3meno clim\u00e1tico que traer\u00e1 en general m\u00e1s nieve y condiciones m\u00e1s h\u00famedas en el norte del hemisferio norte, mientras que el sur enfrentar\u00e1 un invierno m\u00e1s seco durante la temporada 2025-26. La NOAA anunci\u00f3 oficialmente un \u201cLa Ni\u00f1a [&hellip;]<\/p>\n","protected":false},"author":2,"featured_media":32024,"comment_status":"open","ping_status":"open","sticky":false,"template":"","format":"standard","meta":{"footnotes":""},"categories":[63],"tags":[],"class_list":["post-32023","post","type-post","status-publish","format-standard","has-post-thumbnail","hentry","category-noticias"],"_links":{"self":[{"href":"http:\/\/www.perupesquero.org\/web\/wp-json\/wp\/v2\/posts\/32023","targetHints":{"allow":["GET"]}}],"collection":[{"href":"http:\/\/www.perupesquero.org\/web\/wp-json\/wp\/v2\/posts"}],"about":[{"href":"http:\/\/www.perupesquero.org\/web\/wp-json\/wp\/v2\/types\/post"}],"author":[{"embeddable":true,"href":"http:\/\/www.perupesquero.org\/web\/wp-json\/wp\/v2\/users\/2"}],"replies":[{"embeddable":true,"href":"http:\/\/www.perupesquero.org\/web\/wp-json\/wp\/v2\/comments?post=32023"}],"version-history":[{"count":1,"href":"http:\/\/www.perupesquero.org\/web\/wp-json\/wp\/v2\/posts\/32023\/revisions"}],"predecessor-version":[{"id":32025,"href":"http:\/\/www.perupesquero.org\/web\/wp-json\/wp\/v2\/posts\/32023\/revisions\/32025"}],"wp:featuredmedia":[{"embeddable":true,"href":"http:\/\/www.perupesquero.org\/web\/wp-json\/wp\/v2\/media\/32024"}],"wp:attachment":[{"href":"http:\/\/www.perupesquero.org\/web\/wp-json\/wp\/v2\/media?parent=32023"}],"wp:term":[{"taxonomy":"category","embeddable":true,"href":"http:\/\/www.perupesquero.org\/web\/wp-json\/wp\/v2\/categories?post=32023"},{"taxonomy":"post_tag","embeddable":true,"href":"http:\/\/www.perupesquero.org\/web\/wp-json\/wp\/v2\/tags?post=32023"}],"curies":[{"name":"wp","href":"https:\/\/api.w.org\/{rel}","templated":true}]}}