{"id":31951,"date":"2025-11-18T18:40:51","date_gmt":"2025-11-18T23:40:51","guid":{"rendered":"https:\/\/www.perupesquero.org\/web\/?p=31951"},"modified":"2025-11-18T18:40:51","modified_gmt":"2025-11-18T23:40:51","slug":"el-21-de-noviembre-se-reinicia-la-pesca-de-la-pota-en-el-mar-peruano","status":"publish","type":"post","link":"http:\/\/www.perupesquero.org\/web\/el-21-de-noviembre-se-reinicia-la-pesca-de-la-pota-en-el-mar-peruano\/","title":{"rendered":"El 21 de noviembre se reinicia la pesca de la pota en el mar peruano"},"content":{"rendered":"<p>Luego de una tensa reuni\u00f3n sostenida este martes en el distrito de San Jos\u00e9, entre los dirigentes de los pescadores artesanales de altura del norte y el viceministro de Pesca y Acuicultura, Jes\u00fas Eloy Barrientos Ruiz, se acord\u00f3 que el 21 de noviembre ser\u00e1 la pr\u00f3xima salida de pesca de la pota o calamar gigante. Esta jornada forma parte de las cinco salidas comprometidas para los meses de octubre, noviembre y diciembre.<\/p>\n<p>El viceministro Barrientos asegur\u00f3 que, a m\u00e1s tardar el jueves 20, se publicar\u00e1 la resoluci\u00f3n oficial que respaldar\u00e1 esta salida, as\u00ed como las dos programadas para diciembre. De esta manera, el Ministerio de la Producci\u00f3n cumplir\u00eda con la planificaci\u00f3n de cinco jornadas establecidas previamente en la ciudad de Piura durante el mes de octubre.<\/p>\n<p>Cabe se\u00f1alar que el encuentro se desarroll\u00f3 con una amplia participaci\u00f3n de representantes del sector pesquero artesanal y estuvo marcado por un intenso intercambio de argumentos y evaluaciones t\u00e9cnicas. Entre los puntos m\u00e1s relevantes destac\u00f3 la explicaci\u00f3n del importante esfuerzo laboral que implica la captura de la pota y los tiempos necesarios para culminar las operaciones extractivas.<\/p>\n<p>El anuncio ha generado expectativas positivas en las caletas del norte, centro y sur del pa\u00eds, donde miles de familias dependen directamente de esta actividad. Los dirigentes hicieron un llamado a los hombres de mar para que se preparen para la faena y resaltaron la importancia de este acuerdo para garantizar la estabilidad econ\u00f3mica del sector pesquero artesanal.<\/p>\n<p>Fotograf\u00eda:Roberto Timoteo Barrientos, un calamar gigante de m\u00e1s de dos metros de longitud y un peso aproximado de 40 kilos.<\/p>\n","protected":false},"excerpt":{"rendered":"<p>Luego de una tensa reuni\u00f3n sostenida este martes en el distrito de San Jos\u00e9, entre los dirigentes de los pescadores artesanales de altura del norte y el viceministro de Pesca y Acuicultura, Jes\u00fas Eloy Barrientos Ruiz, se acord\u00f3 que el 21 de noviembre ser\u00e1 la pr\u00f3xima salida de pesca de la pota o calamar gigante. [&hellip;]<\/p>\n","protected":false},"author":2,"featured_media":31952,"comment_status":"open","ping_status":"open","sticky":false,"template":"","format":"standard","meta":{"footnotes":""},"categories":[63],"tags":[],"class_list":["post-31951","post","type-post","status-publish","format-standard","has-post-thumbnail","hentry","category-noticias"],"_links":{"self":[{"href":"http:\/\/www.perupesquero.org\/web\/wp-json\/wp\/v2\/posts\/31951","targetHints":{"allow":["GET"]}}],"collection":[{"href":"http:\/\/www.perupesquero.org\/web\/wp-json\/wp\/v2\/posts"}],"about":[{"href":"http:\/\/www.perupesquero.org\/web\/wp-json\/wp\/v2\/types\/post"}],"author":[{"embeddable":true,"href":"http:\/\/www.perupesquero.org\/web\/wp-json\/wp\/v2\/users\/2"}],"replies":[{"embeddable":true,"href":"http:\/\/www.perupesquero.org\/web\/wp-json\/wp\/v2\/comments?post=31951"}],"version-history":[{"count":1,"href":"http:\/\/www.perupesquero.org\/web\/wp-json\/wp\/v2\/posts\/31951\/revisions"}],"predecessor-version":[{"id":31953,"href":"http:\/\/www.perupesquero.org\/web\/wp-json\/wp\/v2\/posts\/31951\/revisions\/31953"}],"wp:featuredmedia":[{"embeddable":true,"href":"http:\/\/www.perupesquero.org\/web\/wp-json\/wp\/v2\/media\/31952"}],"wp:attachment":[{"href":"http:\/\/www.perupesquero.org\/web\/wp-json\/wp\/v2\/media?parent=31951"}],"wp:term":[{"taxonomy":"category","embeddable":true,"href":"http:\/\/www.perupesquero.org\/web\/wp-json\/wp\/v2\/categories?post=31951"},{"taxonomy":"post_tag","embeddable":true,"href":"http:\/\/www.perupesquero.org\/web\/wp-json\/wp\/v2\/tags?post=31951"}],"curies":[{"name":"wp","href":"https:\/\/api.w.org\/{rel}","templated":true}]}}