{"id":31932,"date":"2025-11-14T16:45:45","date_gmt":"2025-11-14T21:45:45","guid":{"rendered":"https:\/\/www.perupesquero.org\/web\/?p=31932"},"modified":"2025-11-14T16:51:51","modified_gmt":"2025-11-14T21:51:51","slug":"4-pescadores-artesanales-se-salvan-de-morir-tras-ser-impactados-por-un-buque-portacontenedores","status":"publish","type":"post","link":"http:\/\/www.perupesquero.org\/web\/4-pescadores-artesanales-se-salvan-de-morir-tras-ser-impactados-por-un-buque-portacontenedores\/","title":{"rendered":"4 pescadores artesanales se salvan de morir tras ser impactados por un buque portacontenedores"},"content":{"rendered":"<p>Cuatro pescadores artesanales se salvaron de morir tras ser impactados por un buque portacontenedores. Los hombres de mar hab\u00edan permanecido cinco d\u00edas paralizados en la zona fuera de Pisco debido a una aver\u00eda en el motor de su embarcaci\u00f3n <em data-start=\"320\" data-end=\"330\">Carlitos<\/em>, situaci\u00f3n que los dej\u00f3 vulnerables frente al enorme nav\u00edo. El hecho ocurri\u00f3 ayer, 13 de noviembre, y puso en serio riesgo sus vidas.<\/p>\n<p>Como era habitual, los hombres de mar hab\u00edan salido en busca de huevera de pez volador, pero en lugar de su pesca se encontraron con un peligro inesperado. Intentaron comunicarse con la base de radios inaugurada por la Municipalidad de San Andr\u00e9s y el alcalde Joel de la Cruz, con apoyo de la empresa privada, pero no recibieron respuesta. Sin embargo, gracias a la ayuda de la se\u00f1ora Maribel, que aport\u00f3 1,500 soles para el combustible, los pescadores pudieron regresar a salvo a tierra.<\/p>\n<p>Estos incidentes se han vuelto cada vez m\u00e1s frecuentes tras la apertura del megapuerto de Chancay. El mar peruano, que durante siglos es el sustento de miles de familias de pescadores, se est\u00e1 convirtiendo en un espacio peligroso, utilizado como corredor mar\u00edtimo para barcos cargueros y buques portacontenedores que no respetan las \u00e1reas de pesca artesanal, poniendo en riesgo la vida de quienes dependen del mar para vivir.<\/p>\n<p>Es urgente que se proteja a nuestros pescadores artesanales: sus vidas y su trabajo merecen respeto y seguridad. El mar peruano no puede convertirse en tierra de nadie.<\/p>\n","protected":false},"excerpt":{"rendered":"<p>Cuatro pescadores artesanales se salvaron de morir tras ser impactados por un buque portacontenedores. Los hombres de mar hab\u00edan permanecido cinco d\u00edas paralizados en la zona fuera de Pisco debido a una aver\u00eda en el motor de su embarcaci\u00f3n Carlitos, situaci\u00f3n que los dej\u00f3 vulnerables frente al enorme nav\u00edo. El hecho ocurri\u00f3 ayer, 13 de [&hellip;]<\/p>\n","protected":false},"author":2,"featured_media":31933,"comment_status":"open","ping_status":"open","sticky":false,"template":"","format":"standard","meta":{"footnotes":""},"categories":[63],"tags":[],"class_list":["post-31932","post","type-post","status-publish","format-standard","has-post-thumbnail","hentry","category-noticias"],"_links":{"self":[{"href":"http:\/\/www.perupesquero.org\/web\/wp-json\/wp\/v2\/posts\/31932","targetHints":{"allow":["GET"]}}],"collection":[{"href":"http:\/\/www.perupesquero.org\/web\/wp-json\/wp\/v2\/posts"}],"about":[{"href":"http:\/\/www.perupesquero.org\/web\/wp-json\/wp\/v2\/types\/post"}],"author":[{"embeddable":true,"href":"http:\/\/www.perupesquero.org\/web\/wp-json\/wp\/v2\/users\/2"}],"replies":[{"embeddable":true,"href":"http:\/\/www.perupesquero.org\/web\/wp-json\/wp\/v2\/comments?post=31932"}],"version-history":[{"count":3,"href":"http:\/\/www.perupesquero.org\/web\/wp-json\/wp\/v2\/posts\/31932\/revisions"}],"predecessor-version":[{"id":31936,"href":"http:\/\/www.perupesquero.org\/web\/wp-json\/wp\/v2\/posts\/31932\/revisions\/31936"}],"wp:featuredmedia":[{"embeddable":true,"href":"http:\/\/www.perupesquero.org\/web\/wp-json\/wp\/v2\/media\/31933"}],"wp:attachment":[{"href":"http:\/\/www.perupesquero.org\/web\/wp-json\/wp\/v2\/media?parent=31932"}],"wp:term":[{"taxonomy":"category","embeddable":true,"href":"http:\/\/www.perupesquero.org\/web\/wp-json\/wp\/v2\/categories?post=31932"},{"taxonomy":"post_tag","embeddable":true,"href":"http:\/\/www.perupesquero.org\/web\/wp-json\/wp\/v2\/tags?post=31932"}],"curies":[{"name":"wp","href":"https:\/\/api.w.org\/{rel}","templated":true}]}}