{"id":31930,"date":"2025-11-13T16:32:05","date_gmt":"2025-11-13T21:32:05","guid":{"rendered":"https:\/\/www.perupesquero.org\/web\/?p=31930"},"modified":"2025-11-13T16:32:22","modified_gmt":"2025-11-13T21:32:22","slug":"pescadores-artesanales-solicitan-nueva-salida-de-pesca-de-la-pota-en-cumplimiento-de-acuerdo-con-produce","status":"publish","type":"post","link":"http:\/\/www.perupesquero.org\/web\/pescadores-artesanales-solicitan-nueva-salida-de-pesca-de-la-pota-en-cumplimiento-de-acuerdo-con-produce\/","title":{"rendered":"Pescadores artesanales solicitan nueva salida de pesca de la pota en cumplimiento de acuerdo con Produce"},"content":{"rendered":"<p>La <em>Cooperativa Pesquera <strong>JEHOV\u00c1 ES MI PASTOR NADA ME FALTAR\u00c1<\/strong><\/em> est\u00e1n solicitando al Ministerio de la Producci\u00f3n (Produce) la autorizaci\u00f3n inmediata de una nueva salida de faena de pesca del calamar gigante o pota, correspondiente al mes de noviembre, en cumplimiento del compromiso pactado con la autoridad sectorial.<\/p>\n<p>En el documento remitido al despacho ministerial, la cooperativa recuerda que, en setiembre de 2025, los pescadores de pota realizaron una movilizaci\u00f3n nacional para expresar su preocupaci\u00f3n por las medidas adoptadas por Produce, especialmente aquellas referidas a la veda biol\u00f3gica y la cuota de captura, las cuales, seg\u00fan se\u00f1alaron, vienen afectando la econom\u00eda de cientos de familias dedicadas a esta actividad.<\/p>\n<p>Tras dicha movilizaci\u00f3n, el 1 de octubre de 2025 los representantes de los pescadores sostuvieron un di\u00e1logo con el viceministro de Pesca y Acuicultura, alcanz\u00e1ndose un acuerdo que contemplaba la autorizaci\u00f3n de cinco salidas de faena hasta el cierre del presente a\u00f1o: dos en octubre, una en noviembre y dos en diciembre.<\/p>\n<p>La cooperativa solicita que se mantenga el cronograma establecido, proponiendo que la salida de noviembre se realice el 18 del presente mes. Argumentan que el retraso o incumplimiento de este compromiso \u201cagravar\u00eda la situaci\u00f3n econ\u00f3mica de las familias de los hermanos pescadores\u201d, quienes dependen de la actividad extractiva de la pota como principal fuente de sustento. El documento lo firman Ronald Nunura Querevalu, Luis Chapillequen Pazos y Pedro Silva Minga.<\/p>\n","protected":false},"excerpt":{"rendered":"<p>La Cooperativa Pesquera JEHOV\u00c1 ES MI PASTOR NADA ME FALTAR\u00c1 est\u00e1n solicitando al Ministerio de la Producci\u00f3n (Produce) la autorizaci\u00f3n inmediata de una nueva salida de faena de pesca del calamar gigante o pota, correspondiente al mes de noviembre, en cumplimiento del compromiso pactado con la autoridad sectorial. En el documento remitido al despacho ministerial, [&hellip;]<\/p>\n","protected":false},"author":2,"featured_media":25837,"comment_status":"open","ping_status":"open","sticky":false,"template":"","format":"standard","meta":{"footnotes":""},"categories":[63],"tags":[],"class_list":["post-31930","post","type-post","status-publish","format-standard","has-post-thumbnail","hentry","category-noticias"],"_links":{"self":[{"href":"http:\/\/www.perupesquero.org\/web\/wp-json\/wp\/v2\/posts\/31930","targetHints":{"allow":["GET"]}}],"collection":[{"href":"http:\/\/www.perupesquero.org\/web\/wp-json\/wp\/v2\/posts"}],"about":[{"href":"http:\/\/www.perupesquero.org\/web\/wp-json\/wp\/v2\/types\/post"}],"author":[{"embeddable":true,"href":"http:\/\/www.perupesquero.org\/web\/wp-json\/wp\/v2\/users\/2"}],"replies":[{"embeddable":true,"href":"http:\/\/www.perupesquero.org\/web\/wp-json\/wp\/v2\/comments?post=31930"}],"version-history":[{"count":1,"href":"http:\/\/www.perupesquero.org\/web\/wp-json\/wp\/v2\/posts\/31930\/revisions"}],"predecessor-version":[{"id":31931,"href":"http:\/\/www.perupesquero.org\/web\/wp-json\/wp\/v2\/posts\/31930\/revisions\/31931"}],"wp:featuredmedia":[{"embeddable":true,"href":"http:\/\/www.perupesquero.org\/web\/wp-json\/wp\/v2\/media\/25837"}],"wp:attachment":[{"href":"http:\/\/www.perupesquero.org\/web\/wp-json\/wp\/v2\/media?parent=31930"}],"wp:term":[{"taxonomy":"category","embeddable":true,"href":"http:\/\/www.perupesquero.org\/web\/wp-json\/wp\/v2\/categories?post=31930"},{"taxonomy":"post_tag","embeddable":true,"href":"http:\/\/www.perupesquero.org\/web\/wp-json\/wp\/v2\/tags?post=31930"}],"curies":[{"name":"wp","href":"https:\/\/api.w.org\/{rel}","templated":true}]}}