{"id":31740,"date":"2025-10-14T18:28:31","date_gmt":"2025-10-14T23:28:31","guid":{"rendered":"https:\/\/www.perupesquero.org\/web\/?p=31740"},"modified":"2025-10-14T18:32:35","modified_gmt":"2025-10-14T23:32:35","slug":"presidente-del-peru-jose-jeri-tomo-juramento-a-cesar-quispe-como-nuevo-ministro-de-la-produccion-en-reemplazo-de-sergio-gonzalez","status":"publish","type":"post","link":"http:\/\/www.perupesquero.org\/web\/presidente-del-peru-jose-jeri-tomo-juramento-a-cesar-quispe-como-nuevo-ministro-de-la-produccion-en-reemplazo-de-sergio-gonzalez\/","title":{"rendered":"Presidente del Per\u00fa, Jos\u00e9 Jer\u00ed, tom\u00f3 juramento a C\u00e9sar Quispe como nuevo ministro de la Producci\u00f3n, en reemplazo de Sergio Gonz\u00e1lez"},"content":{"rendered":"<p>C\u00e9sar Quispe es licenciado en Administraci\u00f3n de Cooperativas por la Universidad Nacional Federico Villarreal (UNFV) y cuenta con una maestr\u00eda en Microfinanzas y Desarrollo Social por la Universidad de Alcal\u00e1, en Espa\u00f1a, asume el Ministerio de la Producci\u00f3n.<\/p>\n<p data-start=\"541\" data-end=\"845\">A lo largo de su trayectoria profesional, ha desempe\u00f1ado diversos cargos directivos en el Ministerio de la Producci\u00f3n, en \u00e1reas vinculadas a MYPE, Pesca, Acuicultura y Atenci\u00f3n al Ciudadano, entre otras. Asimismo, integr\u00f3 el directorio de Promper\u00fa y ejerci\u00f3 funciones de gesti\u00f3n en el \u00e1mbito municipal.<\/p>\n<p data-start=\"847\" data-end=\"1230\">Su experiencia tambi\u00e9n abarca el campo legislativo, donde se desempe\u00f1\u00f3 como asesor del Congreso de la Rep\u00fablica. Desde ese rol, contribuy\u00f3 a la actualizaci\u00f3n del marco legal cooperativo, participando en la elaboraci\u00f3n y asesoramiento de normas fundamentales como la Ley del Acto Cooperativo (Ley N.\u00ba 29683), la Ley N.\u00ba 29972, el DS 006-2016-PRODUCE y la Ley COOPAC (Ley N.\u00ba 30822).<\/p>\n<p data-start=\"1232\" data-end=\"1690\">Entre febrero de 2021 y septiembre de 2024, ocup\u00f3 la Presidencia del Directorio del Banco Agropecuario (Agrobanco). Durante su gesti\u00f3n, lider\u00f3 un proceso de reestructuraci\u00f3n de la entidad estatal, que en ese entonces atravesaba dificultades relacionadas con el gobierno corporativo, altos niveles de morosidad y p\u00e9rdidas significativas. Su labor se centr\u00f3 en fortalecer la instituci\u00f3n y ampliar el acceso al cr\u00e9dito para peque\u00f1os productores agropecuarios.<\/p>\n<p data-start=\"1692\" data-end=\"1955\">Adem\u00e1s, Quispe cuenta con amplia experiencia en el sector de las peque\u00f1as y medianas empresas (pymes), habiendo formado parte de la Federaci\u00f3n Nacional de Cooperativas de Ahorro y Cr\u00e9dito (Fenacrep) y ocupado cargos gerenciales en el sector cooperativo y privado.<\/p>\n<p>&nbsp;<\/p>\n","protected":false},"excerpt":{"rendered":"<p>C\u00e9sar Quispe es licenciado en Administraci\u00f3n de Cooperativas por la Universidad Nacional Federico Villarreal (UNFV) y cuenta con una maestr\u00eda en Microfinanzas y Desarrollo Social por la Universidad de Alcal\u00e1, en Espa\u00f1a, asume el Ministerio de la Producci\u00f3n. A lo largo de su trayectoria profesional, ha desempe\u00f1ado diversos cargos directivos en el Ministerio de la [&hellip;]<\/p>\n","protected":false},"author":2,"featured_media":31741,"comment_status":"open","ping_status":"open","sticky":false,"template":"","format":"standard","meta":{"footnotes":""},"categories":[63],"tags":[],"class_list":["post-31740","post","type-post","status-publish","format-standard","has-post-thumbnail","hentry","category-noticias"],"_links":{"self":[{"href":"http:\/\/www.perupesquero.org\/web\/wp-json\/wp\/v2\/posts\/31740","targetHints":{"allow":["GET"]}}],"collection":[{"href":"http:\/\/www.perupesquero.org\/web\/wp-json\/wp\/v2\/posts"}],"about":[{"href":"http:\/\/www.perupesquero.org\/web\/wp-json\/wp\/v2\/types\/post"}],"author":[{"embeddable":true,"href":"http:\/\/www.perupesquero.org\/web\/wp-json\/wp\/v2\/users\/2"}],"replies":[{"embeddable":true,"href":"http:\/\/www.perupesquero.org\/web\/wp-json\/wp\/v2\/comments?post=31740"}],"version-history":[{"count":2,"href":"http:\/\/www.perupesquero.org\/web\/wp-json\/wp\/v2\/posts\/31740\/revisions"}],"predecessor-version":[{"id":31743,"href":"http:\/\/www.perupesquero.org\/web\/wp-json\/wp\/v2\/posts\/31740\/revisions\/31743"}],"wp:featuredmedia":[{"embeddable":true,"href":"http:\/\/www.perupesquero.org\/web\/wp-json\/wp\/v2\/media\/31741"}],"wp:attachment":[{"href":"http:\/\/www.perupesquero.org\/web\/wp-json\/wp\/v2\/media?parent=31740"}],"wp:term":[{"taxonomy":"category","embeddable":true,"href":"http:\/\/www.perupesquero.org\/web\/wp-json\/wp\/v2\/categories?post=31740"},{"taxonomy":"post_tag","embeddable":true,"href":"http:\/\/www.perupesquero.org\/web\/wp-json\/wp\/v2\/tags?post=31740"}],"curies":[{"name":"wp","href":"https:\/\/api.w.org\/{rel}","templated":true}]}}