{"id":31674,"date":"2025-10-01T16:07:14","date_gmt":"2025-10-01T21:07:14","guid":{"rendered":"https:\/\/www.perupesquero.org\/web\/?p=31674"},"modified":"2025-10-01T16:07:14","modified_gmt":"2025-10-01T21:07:14","slug":"declaran-el-primer-domingo-de-octubre-como-el-dia-nacional-del-consumo-de-la-concha-de-abanico","status":"publish","type":"post","link":"http:\/\/www.perupesquero.org\/web\/declaran-el-primer-domingo-de-octubre-como-el-dia-nacional-del-consumo-de-la-concha-de-abanico\/","title":{"rendered":"Declaran el primer domingo de octubre como el D\u00eda Nacional del Consumo de la Concha de Abanico"},"content":{"rendered":"<p><span style=\"font-family: 'Arial',sans-serif;\">Con el objetivo de fomentar el consumo de la concha de abanico por su alto valor nutritivo y promover su aprovechamiento sostenible, el Pleno del Congreso de la Rep\u00fablica aprob\u00f3, por amplia mayor\u00eda, el dictamen que propone la <strong data-start=\"477\" data-end=\"594\">Ley que declara el primer domingo de octubre de cada a\u00f1o como el D\u00eda Nacional del Consumo de la Concha de Abanico<\/strong>.<\/span><\/p>\n<p data-start=\"597\" data-end=\"900\"><span style=\"font-family: 'Arial',sans-serif;\">La iniciativa legislativa se basa en el <strong data-start=\"637\" data-end=\"673\">Proyecto de Ley N.\u00ba 6374\/2023-CR<\/strong>, presentado por el congresista <strong data-start=\"705\" data-end=\"730\">Miguel Ciccia V\u00e1squez<\/strong> (Renovaci\u00f3n Popular). En primera votaci\u00f3n, la propuesta obtuvo <strong data-start=\"794\" data-end=\"850\">82 votos a favor, ninguno en contra y una abstenci\u00f3n<\/strong>, siendo adem\u00e1s <strong data-start=\"866\" data-end=\"899\">exonerada de segunda votaci\u00f3n<\/strong>.<\/span><\/p>\n<p data-start=\"902\" data-end=\"1123\"><span style=\"font-family: 'Arial',sans-serif;\">La norma tiene como finalidad impulsar el consumo interno de este molusco, respetando el ordenamiento pesquero vigente, promoviendo la sostenibilidad del recurso y fortaleciendo el desarrollo de la acuicultura en el pa\u00eds.<\/span><\/p>\n<p data-start=\"1125\" data-end=\"1524\"><span style=\"font-family: 'Arial',sans-serif;\">Seg\u00fan su autor, el Per\u00fa es el <strong data-start=\"1155\" data-end=\"1204\">tercer productor mundial de concha de abanico<\/strong>, con una exportaci\u00f3n anual que supera las <strong data-start=\"1247\" data-end=\"1267\">15 mil toneladas<\/strong> hacia mercados internacionales altamente exigentes. Asimismo, destac\u00f3 que m\u00e1s de <strong data-start=\"1349\" data-end=\"1373\">100 mil trabajadores<\/strong> peruanos dependen directamente de esta actividad, cuya valorizaci\u00f3n nacional contribuir\u00e1 al reconocimiento de su esfuerzo y al crecimiento del sector.<\/span><\/p>\n","protected":false},"excerpt":{"rendered":"<p>Con el objetivo de fomentar el consumo de la concha de abanico por su alto valor nutritivo y promover su aprovechamiento sostenible, el Pleno del Congreso de la Rep\u00fablica aprob\u00f3, por amplia mayor\u00eda, el dictamen que propone la Ley que declara el primer domingo de octubre de cada a\u00f1o como el D\u00eda Nacional del Consumo [&hellip;]<\/p>\n","protected":false},"author":2,"featured_media":12594,"comment_status":"open","ping_status":"open","sticky":false,"template":"","format":"standard","meta":{"footnotes":""},"categories":[63],"tags":[],"class_list":["post-31674","post","type-post","status-publish","format-standard","has-post-thumbnail","hentry","category-noticias"],"_links":{"self":[{"href":"http:\/\/www.perupesquero.org\/web\/wp-json\/wp\/v2\/posts\/31674","targetHints":{"allow":["GET"]}}],"collection":[{"href":"http:\/\/www.perupesquero.org\/web\/wp-json\/wp\/v2\/posts"}],"about":[{"href":"http:\/\/www.perupesquero.org\/web\/wp-json\/wp\/v2\/types\/post"}],"author":[{"embeddable":true,"href":"http:\/\/www.perupesquero.org\/web\/wp-json\/wp\/v2\/users\/2"}],"replies":[{"embeddable":true,"href":"http:\/\/www.perupesquero.org\/web\/wp-json\/wp\/v2\/comments?post=31674"}],"version-history":[{"count":1,"href":"http:\/\/www.perupesquero.org\/web\/wp-json\/wp\/v2\/posts\/31674\/revisions"}],"predecessor-version":[{"id":31675,"href":"http:\/\/www.perupesquero.org\/web\/wp-json\/wp\/v2\/posts\/31674\/revisions\/31675"}],"wp:featuredmedia":[{"embeddable":true,"href":"http:\/\/www.perupesquero.org\/web\/wp-json\/wp\/v2\/media\/12594"}],"wp:attachment":[{"href":"http:\/\/www.perupesquero.org\/web\/wp-json\/wp\/v2\/media?parent=31674"}],"wp:term":[{"taxonomy":"category","embeddable":true,"href":"http:\/\/www.perupesquero.org\/web\/wp-json\/wp\/v2\/categories?post=31674"},{"taxonomy":"post_tag","embeddable":true,"href":"http:\/\/www.perupesquero.org\/web\/wp-json\/wp\/v2\/tags?post=31674"}],"curies":[{"name":"wp","href":"https:\/\/api.w.org\/{rel}","templated":true}]}}