{"id":31602,"date":"2025-09-14T21:25:47","date_gmt":"2025-09-15T02:25:47","guid":{"rendered":"https:\/\/www.perupesquero.org\/web\/?p=31602"},"modified":"2025-09-14T21:25:47","modified_gmt":"2025-09-15T02:25:47","slug":"oleajes-moderados-a-fuertes-se-registraran-en-el-mar-de-grau-hasta-el-miercoles-17-de-septiembre","status":"publish","type":"post","link":"http:\/\/www.perupesquero.org\/web\/oleajes-moderados-a-fuertes-se-registraran-en-el-mar-de-grau-hasta-el-miercoles-17-de-septiembre\/","title":{"rendered":"Oleajes moderados a fuertes se registrar\u00e1n en el mar de Grau hasta el mi\u00e9rcoles 17 de septiembre"},"content":{"rendered":"<p><em><strong>La Direcci\u00f3n de Hidrograf\u00eda y Navegaci\u00f3n (DHN) de la Marina de Guerra del Per\u00fa inform\u00f3 que se presentar\u00e1n oleajes moderados a fuertes en todo el litoral peruano desde este domingo hasta el mi\u00e9rcoles 17 de septiembre.<\/strong><\/em><\/p>\n<p>Litoral Norte<\/p>\n<p>En la zona comprendida entre Tumbes y Salaverry (La Libertad), el oleaje de ligera intensidad se increment\u00f3 a moderado desde la madrugada de este domingo, presentando intermitencias de oleaje fuerte desde la noche de hoy hasta la ma\u00f1ana del lunes 15 de septiembre.<\/p>\n<p>Litoral Centro<\/p>\n<p>Desde el sur de Salaverry hasta San Juan de Marcona, el oleaje ligero aumentar\u00e1 a moderado desde la ma\u00f1ana de este domingo 14, con intermitencia a fuerte desde la noche del mismo d\u00eda hasta la madrugada del lunes 15 de septiembre.<br \/>\nAsimismo, desde Chancay hasta San Juan de Marcona, se prev\u00e9 la presencia de oleaje fuerte con intermitencia desde esta ma\u00f1ana hasta la tarde del lunes 15.<\/p>\n<p>Litoral Sur<\/p>\n<p>En el litoral sur, tambi\u00e9n se registrar\u00e1 oleaje con intermitencia a fuerte desde la tarde de hoy hasta la tarde del lunes 15 de septiembre.<\/p>\n<p>Estos oleajes continuar\u00e1n afectando todo el litoral hasta el mi\u00e9rcoles 17 de septiembre, con mayor impacto en \u00e1reas que cuenten con playas abiertas o semiabiertas orientadas hacia el suroeste.<br \/>\nPor ello, la Direcci\u00f3n de Hidrograf\u00eda y Navegaci\u00f3n recomienda a los gobiernos regionales, locales, capitan\u00edas de puerto y empresas vinculadas a la comunidad acu\u00e1tica tomar las precauciones necesarias para prevenir accidentes y da\u00f1os personales o materiales.<\/p>\n<p>Adem\u00e1s, se exhorta a la poblaci\u00f3n costera y a quienes realizan actividades portuarias, pesqueras, deportivas o recreativas, a respetar las medidas de seguridad que se dispongan con el fin de proteger la vida humana en zonas expuestas.<\/p>\n<p>Clasificaci\u00f3n del estado del mar en la zona costera<\/p>\n<p>Condiciones normales: El mar presenta olas con alturas dentro del promedio habitual.<\/p>\n<p>Oleaje an\u00f3malo: Se refiere al impacto del oleaje o a la energ\u00eda que las olas transfieren desde el oc\u00e9ano abierto hacia la costa. Se clasifica en:<\/p>\n<p>Oleaje ligero: Alturas de ola hasta 50 % por encima del nivel normal.<\/p>\n<p>Oleaje moderado: Alturas de ola de hasta el doble del nivel normal.<\/p>\n<p>Oleaje fuerte: Alturas de ola entre dos y tres veces el nivel normal.<\/p>\n<p>Oleaje muy fuerte: Alturas de ola superiores a tres veces el nivel normal.<\/p>\n<p>&nbsp;<\/p>\n","protected":false},"excerpt":{"rendered":"<p>La Direcci\u00f3n de Hidrograf\u00eda y Navegaci\u00f3n (DHN) de la Marina de Guerra del Per\u00fa inform\u00f3 que se presentar\u00e1n oleajes moderados a fuertes en todo el litoral peruano desde este domingo hasta el mi\u00e9rcoles 17 de septiembre. Litoral Norte En la zona comprendida entre Tumbes y Salaverry (La Libertad), el oleaje de ligera intensidad se increment\u00f3 [&hellip;]<\/p>\n","protected":false},"author":2,"featured_media":25643,"comment_status":"open","ping_status":"open","sticky":false,"template":"","format":"standard","meta":{"footnotes":""},"categories":[63],"tags":[],"class_list":["post-31602","post","type-post","status-publish","format-standard","has-post-thumbnail","hentry","category-noticias"],"_links":{"self":[{"href":"http:\/\/www.perupesquero.org\/web\/wp-json\/wp\/v2\/posts\/31602","targetHints":{"allow":["GET"]}}],"collection":[{"href":"http:\/\/www.perupesquero.org\/web\/wp-json\/wp\/v2\/posts"}],"about":[{"href":"http:\/\/www.perupesquero.org\/web\/wp-json\/wp\/v2\/types\/post"}],"author":[{"embeddable":true,"href":"http:\/\/www.perupesquero.org\/web\/wp-json\/wp\/v2\/users\/2"}],"replies":[{"embeddable":true,"href":"http:\/\/www.perupesquero.org\/web\/wp-json\/wp\/v2\/comments?post=31602"}],"version-history":[{"count":1,"href":"http:\/\/www.perupesquero.org\/web\/wp-json\/wp\/v2\/posts\/31602\/revisions"}],"predecessor-version":[{"id":31603,"href":"http:\/\/www.perupesquero.org\/web\/wp-json\/wp\/v2\/posts\/31602\/revisions\/31603"}],"wp:featuredmedia":[{"embeddable":true,"href":"http:\/\/www.perupesquero.org\/web\/wp-json\/wp\/v2\/media\/25643"}],"wp:attachment":[{"href":"http:\/\/www.perupesquero.org\/web\/wp-json\/wp\/v2\/media?parent=31602"}],"wp:term":[{"taxonomy":"category","embeddable":true,"href":"http:\/\/www.perupesquero.org\/web\/wp-json\/wp\/v2\/categories?post=31602"},{"taxonomy":"post_tag","embeddable":true,"href":"http:\/\/www.perupesquero.org\/web\/wp-json\/wp\/v2\/tags?post=31602"}],"curies":[{"name":"wp","href":"https:\/\/api.w.org\/{rel}","templated":true}]}}