{"id":31580,"date":"2025-09-09T17:18:44","date_gmt":"2025-09-09T22:18:44","guid":{"rendered":"https:\/\/www.perupesquero.org\/web\/?p=31580"},"modified":"2025-09-09T17:18:55","modified_gmt":"2025-09-09T22:18:55","slug":"la-comision-interamericana-reduce-de-72-a-64-dias-la-veda-para-la-pesca-de-atun-tropical","status":"publish","type":"post","link":"http:\/\/www.perupesquero.org\/web\/la-comision-interamericana-reduce-de-72-a-64-dias-la-veda-para-la-pesca-de-atun-tropical\/","title":{"rendered":"La Comisi\u00f3n Interamericana reduce de 72 a 64 d\u00edas la veda para la pesca de at\u00fan tropical"},"content":{"rendered":"<p><em><strong>El equipo cient\u00edfico hab\u00eda recomendado un recorte m\u00e1ximo de 10 d\u00edas, pero la decisi\u00f3n fue m\u00e1s ambiciosa.<\/strong><\/em><\/p>\n<p>La Comisi\u00f3n Interamericana del At\u00fan Tropical (CIAT) aprob\u00f3 este domingo la reducci\u00f3n de la veda para la pesca de t\u00fanidos tropicales en el Pac\u00edfico oriental, pasando de 72 a 64 d\u00edas, seg\u00fan inform\u00f3 la organizaci\u00f3n al cierre de su 103\u00aa reuni\u00f3n anual, celebrada en Ciudad de Panam\u00e1.<\/p>\n<p>La medida fue adoptada tras varios d\u00edas de deliberaciones entre los pa\u00edses miembros. Seg\u00fan el director de la CIAT, Arnulfo Franco, la decisi\u00f3n responde a la &#8220;buena salud&#8221; actual de las poblaciones de at\u00fan en la regi\u00f3n, lo que motiv\u00f3 a los miembros a plantear un acortamiento del periodo de veda.<\/p>\n<p>Sin embargo, el equipo cient\u00edfico de la Comisi\u00f3n hab\u00eda sugerido un m\u00e1ximo de 10 d\u00edas de reducci\u00f3n, con el fin de mantener un equilibrio entre la sostenibilidad del recurso y los intereses de las comunidades pesqueras. A pesar de ello, la propuesta final aprobada implica una disminuci\u00f3n de 8 d\u00edas m\u00e1s all\u00e1 del umbral recomendado.<\/p>\n<p>\u201cLa medida fue aprobada en l\u00ednea con las recomendaciones del Comit\u00e9 Cient\u00edfico Asesor\u201d, afirm\u00f3 la CIAT en su comunicado oficial.<\/p>\n<p>&nbsp;<\/p>\n<p>M\u00e1s all\u00e1 del at\u00fan: regulaciones sobre otras especies<\/p>\n<p>Durante la sesi\u00f3n tambi\u00e9n se adoptaron nuevas disposiciones para la gesti\u00f3n de especies como el pez espada, dorado y tiburones, aunque los detalles espec\u00edficos a\u00fan no han sido divulgados.<\/p>\n<p>Asimismo, se tomaron decisiones sobre la recolecci\u00f3n y manejo de plantados, dispositivos flotantes utilizados para atraer card\u00famenes de peces pel\u00e1gicos, especialmente atunes. Estos objetos, naturales o artificiales, han sido objeto de cr\u00edticas por su contribuci\u00f3n a la pesca incidental, la pesca fantasma y la contaminaci\u00f3n marina.<\/p>\n<p>Como parte de las acciones en este \u00e1mbito, se firm\u00f3 un Memor\u00e1ndum de Entendimiento con la industria pesquera para crear un fondo destinado a apoyar la recuperaci\u00f3n de los ecosistemas afectados por el uso de plantados.<\/p>\n<p>La CIAT tambi\u00e9n anunci\u00f3 la reelecci\u00f3n de Arnulfo Franco como director del organismo, as\u00ed como la aprobaci\u00f3n de dos presupuestos clave:<\/p>\n<p>Programa de Marcado: fundamental para evaluar la poblaci\u00f3n de at\u00fan barrilete (SKJ) y mejorar los modelos de evaluaci\u00f3n para las especies rabil (YFT) y patudo (BET).<\/p>\n<p>Programa Integrado de Monitoreo: esencial para fortalecer la toma de decisiones basada en la mejor ciencia disponible.<\/p>\n<p>Una organizaci\u00f3n con alcance hemisf\u00e9rico<\/p>\n<p>La CIAT es la organizaci\u00f3n regional de ordenaci\u00f3n pesquera encargada de la conservaci\u00f3n y manejo sostenible de los atunes, especies asociadas y sus ecosistemas en el Oc\u00e9ano Pac\u00edfico oriental, desde Canad\u00e1 hasta Chile.<\/p>\n<p>Entre sus miembros figuran pa\u00edses de Am\u00e9rica, Asia, Europa y Ocean\u00eda, incluyendo a Estados Unidos, M\u00e9xico, Per\u00fa, Colombia, Jap\u00f3n, la Uni\u00f3n Europea, Corea del Sur y China, entre otros.<\/p>\n<p>Seg\u00fan Franco, las decisiones tomadas en esta 103\u00aa reuni\u00f3n \u201crefuerzan la capacidad de la CIAT para equilibrar sostenibilidad y desarrollo pesquero, asegurando que las medidas adoptadas se basen en evidencia cient\u00edfica y atiendan las necesidades de las comunidades costeras\u201d.<\/p>\n<p>&nbsp;<\/p>\n","protected":false},"excerpt":{"rendered":"<p>El equipo cient\u00edfico hab\u00eda recomendado un recorte m\u00e1ximo de 10 d\u00edas, pero la decisi\u00f3n fue m\u00e1s ambiciosa. La Comisi\u00f3n Interamericana del At\u00fan Tropical (CIAT) aprob\u00f3 este domingo la reducci\u00f3n de la veda para la pesca de t\u00fanidos tropicales en el Pac\u00edfico oriental, pasando de 72 a 64 d\u00edas, seg\u00fan inform\u00f3 la organizaci\u00f3n al cierre de [&hellip;]<\/p>\n","protected":false},"author":2,"featured_media":29794,"comment_status":"open","ping_status":"open","sticky":false,"template":"","format":"standard","meta":{"footnotes":""},"categories":[63],"tags":[],"class_list":["post-31580","post","type-post","status-publish","format-standard","has-post-thumbnail","hentry","category-noticias"],"_links":{"self":[{"href":"http:\/\/www.perupesquero.org\/web\/wp-json\/wp\/v2\/posts\/31580","targetHints":{"allow":["GET"]}}],"collection":[{"href":"http:\/\/www.perupesquero.org\/web\/wp-json\/wp\/v2\/posts"}],"about":[{"href":"http:\/\/www.perupesquero.org\/web\/wp-json\/wp\/v2\/types\/post"}],"author":[{"embeddable":true,"href":"http:\/\/www.perupesquero.org\/web\/wp-json\/wp\/v2\/users\/2"}],"replies":[{"embeddable":true,"href":"http:\/\/www.perupesquero.org\/web\/wp-json\/wp\/v2\/comments?post=31580"}],"version-history":[{"count":1,"href":"http:\/\/www.perupesquero.org\/web\/wp-json\/wp\/v2\/posts\/31580\/revisions"}],"predecessor-version":[{"id":31581,"href":"http:\/\/www.perupesquero.org\/web\/wp-json\/wp\/v2\/posts\/31580\/revisions\/31581"}],"wp:featuredmedia":[{"embeddable":true,"href":"http:\/\/www.perupesquero.org\/web\/wp-json\/wp\/v2\/media\/29794"}],"wp:attachment":[{"href":"http:\/\/www.perupesquero.org\/web\/wp-json\/wp\/v2\/media?parent=31580"}],"wp:term":[{"taxonomy":"category","embeddable":true,"href":"http:\/\/www.perupesquero.org\/web\/wp-json\/wp\/v2\/categories?post=31580"},{"taxonomy":"post_tag","embeddable":true,"href":"http:\/\/www.perupesquero.org\/web\/wp-json\/wp\/v2\/tags?post=31580"}],"curies":[{"name":"wp","href":"https:\/\/api.w.org\/{rel}","templated":true}]}}