{"id":31491,"date":"2025-08-24T17:43:44","date_gmt":"2025-08-24T22:43:44","guid":{"rendered":"https:\/\/www.perupesquero.org\/web\/?p=31491"},"modified":"2025-08-24T17:43:55","modified_gmt":"2025-08-24T22:43:55","slug":"muere-tripulante-de-la-marina-de-guerra-del-peru-tras-caer-de-una-embarcacion-durante-fuertes-oleajes","status":"publish","type":"post","link":"http:\/\/www.perupesquero.org\/web\/muere-tripulante-de-la-marina-de-guerra-del-peru-tras-caer-de-una-embarcacion-durante-fuertes-oleajes\/","title":{"rendered":"Muere tripulante de la Marina de Guerra del Per\u00fa tras caer de una embarcaci\u00f3n durante fuertes oleajes"},"content":{"rendered":"<p>Un tripulante de la Marina de Guerra del Per\u00fa falleci\u00f3 este domingo tras caer de una embarcaci\u00f3n mientras realizaba labores para asegurar otras naves ante el fuerte oleaje registrado en la costa norte del pa\u00eds, fen\u00f3meno que ha provocado el cierre de 112 puertos, seg\u00fan informaron fuentes oficiales.<\/p>\n<p data-start=\"552\" data-end=\"775\">La Marina de Guerra precis\u00f3, mediante un comunicado, que el accidente ocurri\u00f3 en el Puerto de Pimentel, ubicado en el departamento de Lambayeque, donde se hab\u00edan desplazado dos patrulleras de costa debido al oleaje an\u00f3malo.<\/p>\n<p data-start=\"777\" data-end=\"1157\">\u201cEl personal de guardia, t\u00e9cnico segundo maniobrista Roberto Carlos Tello Bances, en cumplimiento de sus funciones para asegurar las embarcaciones y debido a las condiciones del mar, cay\u00f3 de la unidad durante la maniobra. Su cuerpo fue hallado sin vida aproximadamente a un kil\u00f3metro del lugar donde quedaron varadas las embarcaciones en la zona de playa\u201d, detall\u00f3 la instituci\u00f3n.<\/p>\n<p data-start=\"1159\" data-end=\"1424\">La Marina lament\u00f3 profundamente \u201cla irreparable p\u00e9rdida\u201d del tripulante, expres\u00f3 sus condolencias a sus familiares y asegur\u00f3 que se les brindar\u00e1 la asistencia necesaria. Asimismo, anunci\u00f3 el inicio de las investigaciones correspondientes para esclarecer los hechos.<\/p>\n<p data-start=\"1426\" data-end=\"1717\">Por su parte, el Instituto Nacional de Defensa Civil (Indeci) inform\u00f3 que, seg\u00fan el reporte emitido por la Direcci\u00f3n General de Capitan\u00edas y Guardacostas de la Marina de Guerra, 112 puertos a lo largo del litoral peruano se encuentran cerrados debido a oleajes de ligera a fuerte intensidad.<\/p>\n<p data-start=\"1719\" data-end=\"1954\">El organismo a\u00f1adi\u00f3 que este fen\u00f3meno, que afecta principalmente a las regiones del norte y centro del pa\u00eds, persistir\u00e1 hasta el mi\u00e9rcoles 27 de agosto, de acuerdo con el aviso oceanogr\u00e1fico de la Direcci\u00f3n de Hidrograf\u00eda y Navegaci\u00f3n.<\/p>\n<p data-start=\"1956\" data-end=\"2232\">Entre los puertos cerrados en el litoral norte se encuentran Talara, Bay\u00f3var, Salaverry, STI Salaverry Terminal Internacional, Malabrigo, Pimentel, Paita, Eten, Pacasmayo y Mor\u00edn; as\u00ed como los terminales multiboyas Punta Arenas, Negritos, Col\u00e1n, Eten y Salaverry, entre otros.<\/p>\n<p data-start=\"2234\" data-end=\"2475\">En la zona centro, se mantienen cerrados los puertos de Chimbote, Samanco, Casma, Huarmey, Punta Lobitos, Chico, Supe, Huacho, Chancay, Cerro Azul, San Nicol\u00e1s, Tambo de Mora y San Juan, adem\u00e1s del Terminal Marino Pisco Camisea (Pluspetrol).<\/p>\n<p data-start=\"2477\" data-end=\"2729\">En el sur, los puertos afectados incluyen Matarani y Punta Picata, as\u00ed como los terminales portuarios Tisur, Marine Trestle Tablones; los muelles de Enapu (Ilo), Engie, Fiscal Ilo y SPCC (Patio Puerto), adem\u00e1s del Desembarcadero Pesquero Artesanal Ilo.<\/p>\n<p data-start=\"2731\" data-end=\"2978\">Frente a esta situaci\u00f3n, el Indeci exhort\u00f3 a las autoridades regionales y locales a orientar a la poblaci\u00f3n sobre las medidas de protecci\u00f3n espec\u00edficas, evitando exponerse a este fen\u00f3meno para prevenir accidentes y\/o da\u00f1os personales y materiales.<\/p>\n<p data-start=\"2980\" data-end=\"3180\">Asimismo, recomend\u00f3 suspender las actividades portuarias y de pesca, asegurar las embarcaciones o retirarlas a tierra firme, y evitar actividades deportivas y recreativas durante el periodo de oleaje.<\/p>\n<p>&nbsp;<\/p>\n","protected":false},"excerpt":{"rendered":"<p>Un tripulante de la Marina de Guerra del Per\u00fa falleci\u00f3 este domingo tras caer de una embarcaci\u00f3n mientras realizaba labores para asegurar otras naves ante el fuerte oleaje registrado en la costa norte del pa\u00eds, fen\u00f3meno que ha provocado el cierre de 112 puertos, seg\u00fan informaron fuentes oficiales. La Marina de Guerra precis\u00f3, mediante un [&hellip;]<\/p>\n","protected":false},"author":2,"featured_media":31492,"comment_status":"open","ping_status":"open","sticky":false,"template":"","format":"standard","meta":{"footnotes":""},"categories":[63],"tags":[],"class_list":["post-31491","post","type-post","status-publish","format-standard","has-post-thumbnail","hentry","category-noticias"],"_links":{"self":[{"href":"http:\/\/www.perupesquero.org\/web\/wp-json\/wp\/v2\/posts\/31491","targetHints":{"allow":["GET"]}}],"collection":[{"href":"http:\/\/www.perupesquero.org\/web\/wp-json\/wp\/v2\/posts"}],"about":[{"href":"http:\/\/www.perupesquero.org\/web\/wp-json\/wp\/v2\/types\/post"}],"author":[{"embeddable":true,"href":"http:\/\/www.perupesquero.org\/web\/wp-json\/wp\/v2\/users\/2"}],"replies":[{"embeddable":true,"href":"http:\/\/www.perupesquero.org\/web\/wp-json\/wp\/v2\/comments?post=31491"}],"version-history":[{"count":1,"href":"http:\/\/www.perupesquero.org\/web\/wp-json\/wp\/v2\/posts\/31491\/revisions"}],"predecessor-version":[{"id":31493,"href":"http:\/\/www.perupesquero.org\/web\/wp-json\/wp\/v2\/posts\/31491\/revisions\/31493"}],"wp:featuredmedia":[{"embeddable":true,"href":"http:\/\/www.perupesquero.org\/web\/wp-json\/wp\/v2\/media\/31492"}],"wp:attachment":[{"href":"http:\/\/www.perupesquero.org\/web\/wp-json\/wp\/v2\/media?parent=31491"}],"wp:term":[{"taxonomy":"category","embeddable":true,"href":"http:\/\/www.perupesquero.org\/web\/wp-json\/wp\/v2\/categories?post=31491"},{"taxonomy":"post_tag","embeddable":true,"href":"http:\/\/www.perupesquero.org\/web\/wp-json\/wp\/v2\/tags?post=31491"}],"curies":[{"name":"wp","href":"https:\/\/api.w.org\/{rel}","templated":true}]}}