{"id":31488,"date":"2025-08-23T18:01:14","date_gmt":"2025-08-23T23:01:14","guid":{"rendered":"https:\/\/www.perupesquero.org\/web\/?p=31488"},"modified":"2025-08-23T18:01:14","modified_gmt":"2025-08-23T23:01:14","slug":"pota-pescadores-artesanales-de-la-macrorregion-sur-continuan-en-paro-indefinido","status":"publish","type":"post","link":"http:\/\/www.perupesquero.org\/web\/pota-pescadores-artesanales-de-la-macrorregion-sur-continuan-en-paro-indefinido\/","title":{"rendered":"Pota: Pescadores artesanales de la macrorregi\u00f3n sur contin\u00faan en paro indefinido"},"content":{"rendered":"<p>La reuni\u00f3n sostenida la tarde de ayer entre los dirigentes de la pesca artesanal y el viceministro de Pesca y Acuicultura, Eloy Barrientos, en la ciudad de Tacna, concluy\u00f3 sin acuerdos. Los gremios ratificaron la continuidad del paro indefinido mientras no se brinde una soluci\u00f3n concreta respecto a la <strong data-start=\"526\" data-end=\"556\">cuota diferenciada de pota<\/strong>.<\/p>\n<p data-start=\"559\" data-end=\"968\">Representantes de los pescadores artesanales de la macrorregi\u00f3n sur anunciaron que mantendr\u00e1n la medida de lucha.<br data-start=\"672\" data-end=\"675\" \/><strong data-start=\"675\" data-end=\"871\">\u201cNo quiere dar la cuota diferenciada, eso exigimos. Lo que est\u00e1n dando ahora no es suficiente, pero esperamos que sea lo justo para el pr\u00f3ximo a\u00f1o. <\/strong><strong>Ayer<\/strong><strong> se qued\u00f3 un piquete, y seguir\u00e1n,\u201d<\/strong> dijo Milward Rodr\u00edguez V\u00e1squez, presidente de los pescadores de Matarani.<\/p>\n<p data-start=\"970\" data-end=\"1429\">Ante la falta de respuestas del Gobierno central, los pescadores acataron ayer el <strong data-start=\"1052\" data-end=\"1086\">primer d\u00eda del paro indefinido<\/strong> en diversas zonas costeras, desde Lomas (Caravel\u00ed) hasta el Morro Sama, en Tacna. En Quilca, Caman\u00e1, iniciaron bloqueos en los accesos al distrito, restringiendo el tr\u00e1nsito vehicular de camiones de carga pesada y veh\u00edculos particulares. En Matarani (Islay), se replic\u00f3 la situaci\u00f3n, generando preocupaci\u00f3n entre los ciudadanos y autoridades.<\/p>\n<p data-start=\"1431\" data-end=\"1777\">Los manifestantes exigen la ampliaci\u00f3n de la cuota de pesca y que, conforme a una resoluci\u00f3n, se distribuya el volumen autorizado de captura entre las zonas norte, centro y sur del pa\u00eds. Adem\u00e1s, reclaman <strong data-start=\"1635\" data-end=\"1689\">acciones urgentes contra embarcaciones extranjeras<\/strong> que operan en las cercan\u00edas de las 200 millas, afectando la sostenibilidad del recurso.<\/p>\n<p data-start=\"1779\" data-end=\"2204\">En respuesta, el Ministerio de la Producci\u00f3n anunci\u00f3 la <strong data-start=\"1835\" data-end=\"1878\">pr\u00f3xima instalaci\u00f3n de una mesa t\u00e9cnica<\/strong> con participaci\u00f3n de la Direcci\u00f3n Regional de la Producci\u00f3n y representantes de Arequipa, Moquegua y Tacna, a fin de evaluar propuestas vinculadas a la cadena productiva. Sin embargo, esta medida ha sido considerada insuficiente por los gremios, que insisten en que el tema central debe ser la <strong data-start=\"2173\" data-end=\"2203\">cuota diferenciada de pota<\/strong>.<\/p>\n<p data-start=\"2206\" data-end=\"2436\">Cabe recordar que la <strong data-start=\"2227\" data-end=\"2245\">cuota de pesca<\/strong> es el volumen m\u00e1ximo permitido de extracci\u00f3n de un recurso en un periodo determinado, medida clave para la sostenibilidad de las especies marinas y la econom\u00eda del sector pesquero artesanal.<\/p>\n<p>&nbsp;<\/p>\n","protected":false},"excerpt":{"rendered":"<p>La reuni\u00f3n sostenida la tarde de ayer entre los dirigentes de la pesca artesanal y el viceministro de Pesca y Acuicultura, Eloy Barrientos, en la ciudad de Tacna, concluy\u00f3 sin acuerdos. Los gremios ratificaron la continuidad del paro indefinido mientras no se brinde una soluci\u00f3n concreta respecto a la cuota diferenciada de pota. Representantes de [&hellip;]<\/p>\n","protected":false},"author":2,"featured_media":31489,"comment_status":"open","ping_status":"open","sticky":false,"template":"","format":"standard","meta":{"footnotes":""},"categories":[63],"tags":[],"class_list":["post-31488","post","type-post","status-publish","format-standard","has-post-thumbnail","hentry","category-noticias"],"_links":{"self":[{"href":"http:\/\/www.perupesquero.org\/web\/wp-json\/wp\/v2\/posts\/31488","targetHints":{"allow":["GET"]}}],"collection":[{"href":"http:\/\/www.perupesquero.org\/web\/wp-json\/wp\/v2\/posts"}],"about":[{"href":"http:\/\/www.perupesquero.org\/web\/wp-json\/wp\/v2\/types\/post"}],"author":[{"embeddable":true,"href":"http:\/\/www.perupesquero.org\/web\/wp-json\/wp\/v2\/users\/2"}],"replies":[{"embeddable":true,"href":"http:\/\/www.perupesquero.org\/web\/wp-json\/wp\/v2\/comments?post=31488"}],"version-history":[{"count":1,"href":"http:\/\/www.perupesquero.org\/web\/wp-json\/wp\/v2\/posts\/31488\/revisions"}],"predecessor-version":[{"id":31490,"href":"http:\/\/www.perupesquero.org\/web\/wp-json\/wp\/v2\/posts\/31488\/revisions\/31490"}],"wp:featuredmedia":[{"embeddable":true,"href":"http:\/\/www.perupesquero.org\/web\/wp-json\/wp\/v2\/media\/31489"}],"wp:attachment":[{"href":"http:\/\/www.perupesquero.org\/web\/wp-json\/wp\/v2\/media?parent=31488"}],"wp:term":[{"taxonomy":"category","embeddable":true,"href":"http:\/\/www.perupesquero.org\/web\/wp-json\/wp\/v2\/categories?post=31488"},{"taxonomy":"post_tag","embeddable":true,"href":"http:\/\/www.perupesquero.org\/web\/wp-json\/wp\/v2\/tags?post=31488"}],"curies":[{"name":"wp","href":"https:\/\/api.w.org\/{rel}","templated":true}]}}