{"id":31460,"date":"2025-08-20T23:21:33","date_gmt":"2025-08-21T04:21:33","guid":{"rendered":"https:\/\/www.perupesquero.org\/web\/?p=31460"},"modified":"2025-08-20T23:21:45","modified_gmt":"2025-08-21T04:21:45","slug":"oleajes-intensos-continuaran-en-la-costa-peruana-hasta-el-miercoles-27-de-agosto","status":"publish","type":"post","link":"http:\/\/www.perupesquero.org\/web\/oleajes-intensos-continuaran-en-la-costa-peruana-hasta-el-miercoles-27-de-agosto\/","title":{"rendered":"Oleajes intensos continuar\u00e1n en la costa peruana hasta el mi\u00e9rcoles 27 de agosto"},"content":{"rendered":"<p>Seg\u00fan el Aviso Especial N.\u00ba 38 emitido por la Direcci\u00f3n de Hidrograf\u00eda y Navegaci\u00f3n de la Marina de Guerra del Per\u00fa (Dihidronav), la costa peruana continuar\u00e1 registrando oleajes an\u00f3malos hasta el mi\u00e9rcoles 27 de agosto, alcanzando su m\u00e1xima intensidad el s\u00e1bado 24.<\/p>\n<p>Durante este pico, las olas podr\u00edan alcanzar alturas entre dos y tres veces superiores a las condiciones normales, lo que representa un riesgo significativo para las actividades mar\u00edtimas y costeras.<\/p>\n<p>Ante esta situaci\u00f3n, el Instituto Nacional de Defensa Civil (Indeci) exhorta a las autoridades regionales y locales a orientar a la poblaci\u00f3n sobre medidas de autoprotecci\u00f3n, con el objetivo de evitar accidentes y da\u00f1os personales o materiales.<\/p>\n<p>Entre las recomendaciones principales se incluyen:<\/p>\n<p>Suspender las actividades portuarias y de pesca.<\/p>\n<p>Asegurar o retirar embarcaciones peque\u00f1as a tierra firme.<\/p>\n<p>Evitar actividades deportivas y recreativas en el mar.<\/p>\n<p>No acampar cerca de la playa ni transitar por zonas rocosas o expuestas al oleaje.<\/p>\n<p>Asimismo, se recuerda a la poblaci\u00f3n no acercarse al litoral durante el periodo de oleajes, especialmente en \u00e1reas donde las olas suelen romper con mayor fuerza.<\/p>\n<p>Monitoreo permanente<\/p>\n<p>El Indeci, a trav\u00e9s del Centro de Operaciones de Emergencia Nacional (COEN), mantiene un monitoreo constante de las condiciones en coordinaci\u00f3n con las oficinas de Gesti\u00f3n del Riesgo de Desastres de gobiernos locales y regionales, as\u00ed como con la Dihidronav.<\/p>\n<p>El objetivo es garantizar la difusi\u00f3n oportuna de informaci\u00f3n relevante para la toma de decisiones y la protecci\u00f3n de la poblaci\u00f3n ante cualquier eventualidad.<\/p>\n<p>&nbsp;<\/p>\n","protected":false},"excerpt":{"rendered":"<p>Seg\u00fan el Aviso Especial N.\u00ba 38 emitido por la Direcci\u00f3n de Hidrograf\u00eda y Navegaci\u00f3n de la Marina de Guerra del Per\u00fa (Dihidronav), la costa peruana continuar\u00e1 registrando oleajes an\u00f3malos hasta el mi\u00e9rcoles 27 de agosto, alcanzando su m\u00e1xima intensidad el s\u00e1bado 24. Durante este pico, las olas podr\u00edan alcanzar alturas entre dos y tres veces [&hellip;]<\/p>\n","protected":false},"author":2,"featured_media":27460,"comment_status":"open","ping_status":"open","sticky":false,"template":"","format":"standard","meta":{"footnotes":""},"categories":[63],"tags":[],"class_list":["post-31460","post","type-post","status-publish","format-standard","has-post-thumbnail","hentry","category-noticias"],"_links":{"self":[{"href":"http:\/\/www.perupesquero.org\/web\/wp-json\/wp\/v2\/posts\/31460","targetHints":{"allow":["GET"]}}],"collection":[{"href":"http:\/\/www.perupesquero.org\/web\/wp-json\/wp\/v2\/posts"}],"about":[{"href":"http:\/\/www.perupesquero.org\/web\/wp-json\/wp\/v2\/types\/post"}],"author":[{"embeddable":true,"href":"http:\/\/www.perupesquero.org\/web\/wp-json\/wp\/v2\/users\/2"}],"replies":[{"embeddable":true,"href":"http:\/\/www.perupesquero.org\/web\/wp-json\/wp\/v2\/comments?post=31460"}],"version-history":[{"count":1,"href":"http:\/\/www.perupesquero.org\/web\/wp-json\/wp\/v2\/posts\/31460\/revisions"}],"predecessor-version":[{"id":31461,"href":"http:\/\/www.perupesquero.org\/web\/wp-json\/wp\/v2\/posts\/31460\/revisions\/31461"}],"wp:featuredmedia":[{"embeddable":true,"href":"http:\/\/www.perupesquero.org\/web\/wp-json\/wp\/v2\/media\/27460"}],"wp:attachment":[{"href":"http:\/\/www.perupesquero.org\/web\/wp-json\/wp\/v2\/media?parent=31460"}],"wp:term":[{"taxonomy":"category","embeddable":true,"href":"http:\/\/www.perupesquero.org\/web\/wp-json\/wp\/v2\/categories?post=31460"},{"taxonomy":"post_tag","embeddable":true,"href":"http:\/\/www.perupesquero.org\/web\/wp-json\/wp\/v2\/tags?post=31460"}],"curies":[{"name":"wp","href":"https:\/\/api.w.org\/{rel}","templated":true}]}}