{"id":31449,"date":"2025-08-19T23:04:04","date_gmt":"2025-08-20T04:04:04","guid":{"rendered":"https:\/\/www.perupesquero.org\/web\/?p=31449"},"modified":"2025-08-19T23:04:14","modified_gmt":"2025-08-20T04:04:14","slug":"guia-del-minam-optimizara-financiamiento-de-recursos-economicos-frente-al-cambio-climatico","status":"publish","type":"post","link":"http:\/\/www.perupesquero.org\/web\/guia-del-minam-optimizara-financiamiento-de-recursos-economicos-frente-al-cambio-climatico\/","title":{"rendered":"Gu\u00eda del Minam optimizar\u00e1 financiamiento de recursos econ\u00f3micos frente al cambio clim\u00e1tico"},"content":{"rendered":"<p><em><strong>Documento t\u00e9cnico fue promulgado mediante R.M. N\u00ba 00198-2025-MINAM<\/strong><\/em><\/p>\n<p>El Ministerio del Ambiente (Minam) aprob\u00f3 la \u201cGu\u00eda para la evaluaci\u00f3n econ\u00f3mica de medidas de adaptaci\u00f3n y mitigaci\u00f3n al cambio clim\u00e1tico\u201d a fin de fortalecer las acciones de los sectores p\u00fablico y privado al planificar sus proyectos presupuestales y de inversi\u00f3n vinculados a las actividades frente al cambio clim\u00e1tico.<\/p>\n<p>As\u00ed lo establece la\u00a0Resoluci\u00f3n Ministerial N\u00ba 00198-2025-MINAM\u00a0publicada hoy en el diario El Peruano. Esta medida esta alineada a la\u00a0Ley Marco sobre Cambio Clim\u00e1tico y su Reglamento.<\/p>\n<p>Al respecto, la directora general de Cambio Clim\u00e1tico y Desertificaci\u00f3n del Minam, Berioska Quispe, dijo que esta norma tiene por objetivo que los tres niveles de gobierno y el sector privado presenten y sustenten informaci\u00f3n precisa al momento de planificar sus respectivos proyectos de inversi\u00f3n.<\/p>\n<p>\u201c<em>Cada recurso invertido reducir\u00e1 los riesgos y evitar\u00e1 tener un impacto negativo en el entorno donde habita la poblaci\u00f3n. De esta forma, se podr\u00e1 asegurar, por ejemplo, que la siembra y cosecha de alimentos no se vea amenazada; y que se ejecuten proyectos amigables con el ambiente\u201d<\/em>, subray\u00f3.<\/p>\n<p>La citada gu\u00eda\u00a0orienta a las entidades responsables a valorar beneficios como el mejoramiento de la salud p\u00fablica, la seguridad alimentaria, la conservaci\u00f3n de ecosistemas, y el fortalecimiento de medios de vida, entre otros. \u201c<em>Con esta informaci\u00f3n, el pa\u00eds podr\u00e1 aplicar pol\u00edticas p\u00fablicas, asegurar el uso eficiente de los recursos financieros disponibles y atraer nuevas inversiones comprometidas con el cuidado del ambiente y el bienestar ciudadano\u201d,<\/em>\u00a0dijo.<\/p>\n<p>La aprobaci\u00f3n de esta gu\u00eda se enmarca en la\u00a0Ley Marco sobre Cambio Clim\u00e1tico y su Reglamento, el\u00a0Acuerdo de Par\u00eds\u00a0y la\u00a0Pol\u00edtica Nacional: Estrategia Nacional ante el Cambio Clim\u00e1tico al 2050.<\/p>\n<p>El texto completo de la citada norma legal se encuentra en este\u00a0<a href=\"https:\/\/www.gob.pe\/institucion\/minam\/normas-legales\/7053445-00198-2025-minam\">enlace<\/a>.<\/p>\n<p>&nbsp;<\/p>\n<p>&nbsp;<\/p>\n","protected":false},"excerpt":{"rendered":"<p>Documento t\u00e9cnico fue promulgado mediante R.M. N\u00ba 00198-2025-MINAM El Ministerio del Ambiente (Minam) aprob\u00f3 la \u201cGu\u00eda para la evaluaci\u00f3n econ\u00f3mica de medidas de adaptaci\u00f3n y mitigaci\u00f3n al cambio clim\u00e1tico\u201d a fin de fortalecer las acciones de los sectores p\u00fablico y privado al planificar sus proyectos presupuestales y de inversi\u00f3n vinculados a las actividades frente al [&hellip;]<\/p>\n","protected":false},"author":2,"featured_media":31450,"comment_status":"open","ping_status":"open","sticky":false,"template":"","format":"standard","meta":{"footnotes":""},"categories":[63],"tags":[],"class_list":["post-31449","post","type-post","status-publish","format-standard","has-post-thumbnail","hentry","category-noticias"],"_links":{"self":[{"href":"http:\/\/www.perupesquero.org\/web\/wp-json\/wp\/v2\/posts\/31449","targetHints":{"allow":["GET"]}}],"collection":[{"href":"http:\/\/www.perupesquero.org\/web\/wp-json\/wp\/v2\/posts"}],"about":[{"href":"http:\/\/www.perupesquero.org\/web\/wp-json\/wp\/v2\/types\/post"}],"author":[{"embeddable":true,"href":"http:\/\/www.perupesquero.org\/web\/wp-json\/wp\/v2\/users\/2"}],"replies":[{"embeddable":true,"href":"http:\/\/www.perupesquero.org\/web\/wp-json\/wp\/v2\/comments?post=31449"}],"version-history":[{"count":1,"href":"http:\/\/www.perupesquero.org\/web\/wp-json\/wp\/v2\/posts\/31449\/revisions"}],"predecessor-version":[{"id":31451,"href":"http:\/\/www.perupesquero.org\/web\/wp-json\/wp\/v2\/posts\/31449\/revisions\/31451"}],"wp:featuredmedia":[{"embeddable":true,"href":"http:\/\/www.perupesquero.org\/web\/wp-json\/wp\/v2\/media\/31450"}],"wp:attachment":[{"href":"http:\/\/www.perupesquero.org\/web\/wp-json\/wp\/v2\/media?parent=31449"}],"wp:term":[{"taxonomy":"category","embeddable":true,"href":"http:\/\/www.perupesquero.org\/web\/wp-json\/wp\/v2\/categories?post=31449"},{"taxonomy":"post_tag","embeddable":true,"href":"http:\/\/www.perupesquero.org\/web\/wp-json\/wp\/v2\/tags?post=31449"}],"curies":[{"name":"wp","href":"https:\/\/api.w.org\/{rel}","templated":true}]}}