{"id":31434,"date":"2025-08-18T18:26:09","date_gmt":"2025-08-18T23:26:09","guid":{"rendered":"https:\/\/www.perupesquero.org\/web\/?p=31434"},"modified":"2025-08-18T18:27:52","modified_gmt":"2025-08-18T23:27:52","slug":"la-spdi-saluda-el-73-aniversario-de-la-declaracion-de-santiago-y-la-creacion-de-la-comision-permanente-del-pacifico-sur-cpps","status":"publish","type":"post","link":"http:\/\/www.perupesquero.org\/web\/la-spdi-saluda-el-73-aniversario-de-la-declaracion-de-santiago-y-la-creacion-de-la-comision-permanente-del-pacifico-sur-cpps\/","title":{"rendered":"La SPDI saluda el 73\u00b0 Aniversario de la Declaraci\u00f3n de Santiago y la creaci\u00f3n de la Comisi\u00f3n Permanente del Pac\u00edfico Sur (CPPS)"},"content":{"rendered":"<p>La Sociedad Peruana de Derecho Internacional (SPDI) conmemora con profundo reconocimiento el 73.\u00ba aniversario de la Declaraci\u00f3n de Santiago de 1952 y de la creaci\u00f3n de la Comisi\u00f3n Permanente del Pac\u00edfico Sur (CPPS), organismo regional conformado por Chile, Colombia, Ecuador y Per\u00fa. Esta hist\u00f3rica Declaraci\u00f3n- suscrita inicialmente por Chile, Ecuador y Per\u00fa, y a la que se sum\u00f3 Colombia en 1979- marc\u00f3 un hito trascendental al proclamar la soberan\u00eda de los Estados costeros hasta las 200 millas marinas, constituy\u00e9ndose en uno de los pilares fundamentales del moderno Derecho del Mar.<\/p>\n<p data-start=\"864\" data-end=\"1505\">Desde entonces, la CPPS ha consolidado su rol como un espacio de acci\u00f3n colectiva y coordinaci\u00f3n regional para la defensa de los intereses mar\u00edtimos, la protecci\u00f3n del oc\u00e9ano y el aprovechamiento sostenible de sus recursos. Su labor sostenida en los \u00e1mbitos pol\u00edtico, t\u00e9cnico y cient\u00edfico ha permitido avances concretos en la gesti\u00f3n integral del Pac\u00edfico Sudeste, destacando iniciativas emblem\u00e1ticas como el <em data-start=\"1273\" data-end=\"1291\">Convenio de Lima<\/em>, su <em data-start=\"1296\" data-end=\"1312\">Plan de Acci\u00f3n<\/em> para la protecci\u00f3n del medio marino y costero, el <em data-start=\"1363\" data-end=\"1393\">Estudio del Fen\u00f3meno El Ni\u00f1o<\/em>, y la reciente implementaci\u00f3n de la <em data-start=\"1430\" data-end=\"1504\">Red de \u00c1reas Marinas y Costeras Protegidas del Pac\u00edfico Sudeste (RAMPAS)<\/em>.<\/p>\n<p data-start=\"1507\" data-end=\"1963\">Este aniversario adquiere especial relevancia al contar actualmente con la conducci\u00f3n de la CPPS por parte de la Embajadora <strong data-start=\"1631\" data-end=\"1663\">Elvira Vel\u00e1squez Rivas-Plata<\/strong>, Miembro Titular de la SPDI y primera mujer en asumir la Secretar\u00eda General del organismo. Su liderazgo representa no solo un hito institucional, sino tambi\u00e9n un renovado compromiso con la equidad, la excelencia profesional y la proyecci\u00f3n internacional de nuestra comunidad acad\u00e9mica y diplom\u00e1tica.<\/p>\n<p data-start=\"1965\" data-end=\"2299\">La SPDI reafirma su respaldo a la misi\u00f3n de la CPPS y destaca la plena vigencia del legado de la Declaraci\u00f3n de Santiago, cuya visi\u00f3n geopol\u00edtica y jur\u00eddica se proyecta hoy con renovada urgencia frente a los desaf\u00edos de la triple crisis planetaria: el cambio clim\u00e1tico, la p\u00e9rdida de biodiversidad y la contaminaci\u00f3n de los oc\u00e9anos.<\/p>\n<p data-start=\"2301\" data-end=\"2600\">En esta conmemoraci\u00f3n, la SPDI hace un llamado a fortalecer la cooperaci\u00f3n regional y global para asegurar la salud de nuestros mares, de la cual depende no solo el equilibrio ecol\u00f3gico del planeta, sino tambi\u00e9n la seguridad alimentaria, el desarrollo sostenible y la soberan\u00eda de nuestras naciones.<\/p>\n<p data-start=\"2602\" data-end=\"2744\"><strong data-start=\"2602\" data-end=\"2699\">Enlace a la Declaraci\u00f3n de la Secretar\u00eda General de la CPPS, emitida el 18 de agosto de 2025:<\/strong> <a href=\"https:\/\/lc.cx\/vmr1qP\" data-start=\"2700\" data-end=\"2744\">https:\/\/lc.cx\/vmr1qP<\/a><\/p>\n<p>&nbsp;<\/p>\n","protected":false},"excerpt":{"rendered":"<p>La Sociedad Peruana de Derecho Internacional (SPDI) conmemora con profundo reconocimiento el 73.\u00ba aniversario de la Declaraci\u00f3n de Santiago de 1952 y de la creaci\u00f3n de la Comisi\u00f3n Permanente del Pac\u00edfico Sur (CPPS), organismo regional conformado por Chile, Colombia, Ecuador y Per\u00fa. Esta hist\u00f3rica Declaraci\u00f3n- suscrita inicialmente por Chile, Ecuador y Per\u00fa, y a la [&hellip;]<\/p>\n","protected":false},"author":2,"featured_media":31435,"comment_status":"open","ping_status":"open","sticky":false,"template":"","format":"standard","meta":{"footnotes":""},"categories":[63],"tags":[],"class_list":["post-31434","post","type-post","status-publish","format-standard","has-post-thumbnail","hentry","category-noticias"],"_links":{"self":[{"href":"http:\/\/www.perupesquero.org\/web\/wp-json\/wp\/v2\/posts\/31434","targetHints":{"allow":["GET"]}}],"collection":[{"href":"http:\/\/www.perupesquero.org\/web\/wp-json\/wp\/v2\/posts"}],"about":[{"href":"http:\/\/www.perupesquero.org\/web\/wp-json\/wp\/v2\/types\/post"}],"author":[{"embeddable":true,"href":"http:\/\/www.perupesquero.org\/web\/wp-json\/wp\/v2\/users\/2"}],"replies":[{"embeddable":true,"href":"http:\/\/www.perupesquero.org\/web\/wp-json\/wp\/v2\/comments?post=31434"}],"version-history":[{"count":1,"href":"http:\/\/www.perupesquero.org\/web\/wp-json\/wp\/v2\/posts\/31434\/revisions"}],"predecessor-version":[{"id":31436,"href":"http:\/\/www.perupesquero.org\/web\/wp-json\/wp\/v2\/posts\/31434\/revisions\/31436"}],"wp:featuredmedia":[{"embeddable":true,"href":"http:\/\/www.perupesquero.org\/web\/wp-json\/wp\/v2\/media\/31435"}],"wp:attachment":[{"href":"http:\/\/www.perupesquero.org\/web\/wp-json\/wp\/v2\/media?parent=31434"}],"wp:term":[{"taxonomy":"category","embeddable":true,"href":"http:\/\/www.perupesquero.org\/web\/wp-json\/wp\/v2\/categories?post=31434"},{"taxonomy":"post_tag","embeddable":true,"href":"http:\/\/www.perupesquero.org\/web\/wp-json\/wp\/v2\/tags?post=31434"}],"curies":[{"name":"wp","href":"https:\/\/api.w.org\/{rel}","templated":true}]}}