{"id":3114,"date":"2015-01-19T18:51:50","date_gmt":"2015-01-19T23:51:50","guid":{"rendered":"http:\/\/www.perupesquero.org\/?p=3114"},"modified":"2015-01-19T18:51:50","modified_gmt":"2015-01-19T23:51:50","slug":"espana-con-menor-cuota-y-pesimismo-inician-arrastreros-la-pesca-de-caballa","status":"publish","type":"post","link":"http:\/\/www.perupesquero.org\/web\/espana-con-menor-cuota-y-pesimismo-inician-arrastreros-la-pesca-de-caballa\/","title":{"rendered":"ESPA\u00d1A &#8211; Con menor cuota y pesimismo inician arrastreros la pesca de Caballa"},"content":{"rendered":"<p style=\"text-align: justify;\">Las embarcaciones del censo de arrastre de fondo del Cant\u00e1brico y Noroeste inician esta semana la temporada Pesca de Caballa, de acuerdo con lo establecido por el Ministerio de Agricultura, Alimentaci\u00f3n y Medio Ambiente <strong>(Magrama).<\/strong><\/p>\n<p style=\"text-align: justify;\">La Flota dispondr\u00e1 de una cuota inferior en un 26,3 % a la que le hab\u00edan asignado en 2014, por la multa impuesta por la Comisi\u00f3n Europea (CE) a ra\u00edz de la sobrepesca de este recurso en 2009 y 2010.<\/p>\n<p style=\"text-align: justify;\">La cuota total asignada es de 8.470,5 toneladas, es decir, un 28,3 % del total asignado a Espa\u00f1a para todas las artes de pesca.<\/p>\n<p style=\"text-align: justify;\">Ese volumen supone un descenso significativo con respecto a las 11.483,05 toneladas que los arrastreros del Cant\u00e1brico Noroeste pudieron descargar el pasado a\u00f1o, inform\u00f3 la Agencia EFE.<\/p>\n<p style=\"text-align: justify;\">La cuota asignada a todas las pesquer\u00edas espa\u00f1olas de Caballa es de 39.702 toneladas, y a esta se le restaron 9847 toneladas<em> &#8220;para satisfacer la multa que corresponde en 2015 por el sobrepasamiento observado en 2010 y 2009&#8221;<\/em>, record\u00f3 el Magama.<\/p>\n<p style=\"text-align: justify;\">La cuota asignada a la Flota espa\u00f1ola es parte de la cuota global que corresponde a la UE, que suma 519.512 toneladas, gracias al acuerdo en vigencia suscripto entre el Ejecutivo comunitario, las Islas Feroe y Noruega.<\/p>\n<p style=\"text-align: justify;\">La flota de Avil\u00e9s hab\u00eda criticado duramente ese acuerdo, ya que entend\u00eda que se sacrifica una de las pesquer\u00edas de mayor inter\u00e9s comercial al inicio del a\u00f1o a cambio de compensaciones por parte de Islas Feroe y Noruega que no benefician a los pesqueros afectados.<\/p>\n<p style=\"text-align: justify;\">M\u00e1s adelante se abrir\u00e1 la Pesca de la Caballa para el resto de las artes de Pesca.<\/p>\n<p style=\"text-align: justify;\"><strong>FUENTE:<\/strong> Fis.com<\/p>\n","protected":false},"excerpt":{"rendered":"<p>Las embarcaciones del censo de arrastre de fondo del Cant\u00e1brico y Noroeste inician esta semana la temporada Pesca de Caballa, de acuerdo con lo establecido por el Ministerio de Agricultura, Alimentaci\u00f3n y Medio Ambiente (Magrama). La Flota dispondr\u00e1 de una cuota inferior en un 26,3 % a la que le hab\u00edan asignado en 2014, por [&hellip;]<\/p>\n","protected":false},"author":2,"featured_media":3115,"comment_status":"open","ping_status":"open","sticky":false,"template":"","format":"standard","meta":{"footnotes":""},"categories":[77,63],"tags":[371,424,1095],"class_list":["post-3114","post","type-post","status-publish","format-standard","has-post-thumbnail","hentry","category-internacionales","category-noticias","tag-caballa","tag-ce","tag-magrama"],"_links":{"self":[{"href":"http:\/\/www.perupesquero.org\/web\/wp-json\/wp\/v2\/posts\/3114","targetHints":{"allow":["GET"]}}],"collection":[{"href":"http:\/\/www.perupesquero.org\/web\/wp-json\/wp\/v2\/posts"}],"about":[{"href":"http:\/\/www.perupesquero.org\/web\/wp-json\/wp\/v2\/types\/post"}],"author":[{"embeddable":true,"href":"http:\/\/www.perupesquero.org\/web\/wp-json\/wp\/v2\/users\/2"}],"replies":[{"embeddable":true,"href":"http:\/\/www.perupesquero.org\/web\/wp-json\/wp\/v2\/comments?post=3114"}],"version-history":[{"count":0,"href":"http:\/\/www.perupesquero.org\/web\/wp-json\/wp\/v2\/posts\/3114\/revisions"}],"wp:featuredmedia":[{"embeddable":true,"href":"http:\/\/www.perupesquero.org\/web\/wp-json\/wp\/v2\/media\/3115"}],"wp:attachment":[{"href":"http:\/\/www.perupesquero.org\/web\/wp-json\/wp\/v2\/media?parent=3114"}],"wp:term":[{"taxonomy":"category","embeddable":true,"href":"http:\/\/www.perupesquero.org\/web\/wp-json\/wp\/v2\/categories?post=3114"},{"taxonomy":"post_tag","embeddable":true,"href":"http:\/\/www.perupesquero.org\/web\/wp-json\/wp\/v2\/tags?post=3114"}],"curies":[{"name":"wp","href":"https:\/\/api.w.org\/{rel}","templated":true}]}}