{"id":31061,"date":"2025-05-30T00:10:13","date_gmt":"2025-05-30T05:10:13","guid":{"rendered":"https:\/\/www.perupesquero.org\/web\/?p=31061"},"modified":"2025-05-30T00:10:54","modified_gmt":"2025-05-30T05:10:54","slug":"pescadores-artesanales-del-sur-se-reunen-en-atico-para-enfrentar-la-crisis-de-la-pota","status":"publish","type":"post","link":"http:\/\/www.perupesquero.org\/web\/pescadores-artesanales-del-sur-se-reunen-en-atico-para-enfrentar-la-crisis-de-la-pota\/","title":{"rendered":"Pescadores artesanales del sur se re\u00fanen en \u00c1tico para enfrentar la crisis de la pota"},"content":{"rendered":"<p>Con car\u00e1cter de urgencia, la caleta de \u00c1tico ser\u00e1 este viernes 29 de mayo, a las 10:00 a.m., el escenario de una importante asamblea macroregional que reunir\u00e1 a los representantes de las organizaciones sociales de pescadores artesanales dedicados a la pesca de pota en la Macro Regi\u00f3n Sur (Arequipa, Moquegua y Tacna).<\/p>\n<p>La convocatoria, liderada por la Comisi\u00f3n Especial de Coordinaci\u00f3n y Comercio, junto a federaciones y sindicatos del sur, responde al creciente malestar del sector por la sostenida ca\u00edda en los precios del recurso pota, lo que ha afectado directamente los ingresos y la estabilidad econ\u00f3mica de cientos de familias vinculadas a esta actividad.<\/p>\n<p>Una cita para marcar el rumbo<\/p>\n<p>A la reuni\u00f3n han sido llamados no solo dirigentes, sino tambi\u00e9n los propios pescadores artesanales, considerados el verdadero capital humano de esta pesquer\u00eda. Su participaci\u00f3n activa es fundamental, ya que ser\u00e1 una instancia decisiva para definir acciones concretas frente a la problem\u00e1tica que atraviesa el sector.<\/p>\n<p>Los gremios m\u00e1s representativos de la regi\u00f3n han confirmado su presencia, asegurando una asistencia amplia y representativa. \u00c1tico se convertir\u00e1 as\u00ed en el centro de debate y unidad de la clase pesquera artesanal, en respuesta directa a las demandas de los actores que viven d\u00eda a d\u00eda los impactos negativos de un mercado en declive.<\/p>\n<p>Una agenda urgente: precios, ordenamiento y sostenibilidad<\/p>\n<p>Durante la jornada, se abordar\u00e1n temas cruciales como:<\/p>\n<p>La problem\u00e1tica actual del recurso pota y la ca\u00edda de sus precios.<\/p>\n<p>La creaci\u00f3n de un modelo de autorregulaci\u00f3n con una cuota interna consensuada, adecuada a la demanda del mercado local e internacional.<\/p>\n<p>El dise\u00f1o de un ordenamiento interno de salidas a faena, adaptado a la realidad geogr\u00e1fica y pesquera de cada zona.<\/p>\n<p>Este enfoque busca no solo defender los intereses del pescador artesanal, sino tambi\u00e9n promover una gesti\u00f3n m\u00e1s sostenible y justa del recurso, garantizando beneficios para todos los involucrados.<\/p>\n<p>&#8220;De tu compromiso depende la victoria&#8221;<\/p>\n<p>Este encuentro es m\u00e1s que una reuni\u00f3n: es un llamado a la unidad, responsabilidad y acci\u00f3n colectiva. Se espera que, con apertura y di\u00e1logo, se sienten las bases de un modelo que respete la dignidad del pescador artesanal y asegure el futuro de la pesquer\u00eda de pota en el sur del pa\u00eds.<\/p>\n<p>La clase pesquera artesanal de la Macro Regi\u00f3n Sur est\u00e1 convocada. La victoria, aseguran los organizadores, depender\u00e1 del compromiso de todo<\/p>\n<p>&nbsp;<\/p>\n","protected":false},"excerpt":{"rendered":"<p>Con car\u00e1cter de urgencia, la caleta de \u00c1tico ser\u00e1 este viernes 29 de mayo, a las 10:00 a.m., el escenario de una importante asamblea macroregional que reunir\u00e1 a los representantes de las organizaciones sociales de pescadores artesanales dedicados a la pesca de pota en la Macro Regi\u00f3n Sur (Arequipa, Moquegua y Tacna). La convocatoria, liderada [&hellip;]<\/p>\n","protected":false},"author":2,"featured_media":31062,"comment_status":"open","ping_status":"open","sticky":false,"template":"","format":"standard","meta":{"footnotes":""},"categories":[63],"tags":[],"class_list":["post-31061","post","type-post","status-publish","format-standard","has-post-thumbnail","hentry","category-noticias"],"_links":{"self":[{"href":"http:\/\/www.perupesquero.org\/web\/wp-json\/wp\/v2\/posts\/31061","targetHints":{"allow":["GET"]}}],"collection":[{"href":"http:\/\/www.perupesquero.org\/web\/wp-json\/wp\/v2\/posts"}],"about":[{"href":"http:\/\/www.perupesquero.org\/web\/wp-json\/wp\/v2\/types\/post"}],"author":[{"embeddable":true,"href":"http:\/\/www.perupesquero.org\/web\/wp-json\/wp\/v2\/users\/2"}],"replies":[{"embeddable":true,"href":"http:\/\/www.perupesquero.org\/web\/wp-json\/wp\/v2\/comments?post=31061"}],"version-history":[{"count":1,"href":"http:\/\/www.perupesquero.org\/web\/wp-json\/wp\/v2\/posts\/31061\/revisions"}],"predecessor-version":[{"id":31063,"href":"http:\/\/www.perupesquero.org\/web\/wp-json\/wp\/v2\/posts\/31061\/revisions\/31063"}],"wp:featuredmedia":[{"embeddable":true,"href":"http:\/\/www.perupesquero.org\/web\/wp-json\/wp\/v2\/media\/31062"}],"wp:attachment":[{"href":"http:\/\/www.perupesquero.org\/web\/wp-json\/wp\/v2\/media?parent=31061"}],"wp:term":[{"taxonomy":"category","embeddable":true,"href":"http:\/\/www.perupesquero.org\/web\/wp-json\/wp\/v2\/categories?post=31061"},{"taxonomy":"post_tag","embeddable":true,"href":"http:\/\/www.perupesquero.org\/web\/wp-json\/wp\/v2\/tags?post=31061"}],"curies":[{"name":"wp","href":"https:\/\/api.w.org\/{rel}","templated":true}]}}