{"id":31043,"date":"2025-05-26T20:27:08","date_gmt":"2025-05-27T01:27:08","guid":{"rendered":"https:\/\/www.perupesquero.org\/web\/?p=31043"},"modified":"2025-05-26T20:27:24","modified_gmt":"2025-05-27T01:27:24","slug":"fondepes-ofrecera-cursos-acuicolas-gratuitos-a-11-regiones-del-pais-por-su-33-aniversario","status":"publish","type":"post","link":"http:\/\/www.perupesquero.org\/web\/fondepes-ofrecera-cursos-acuicolas-gratuitos-a-11-regiones-del-pais-por-su-33-aniversario\/","title":{"rendered":"FONDEPES ofrecer\u00e1 cursos acu\u00edcolas gratuitos a 11 regiones del pa\u00eds por su 33 aniversario"},"content":{"rendered":"<p><em><strong>Brindar\u00e1 capacitaciones t\u00e9cnicas presenciales, en alianza con universidades e institutos locales, para impulsar la acuicultura como motor de desarrollo econ\u00f3mico y alimentario.<\/strong><\/em><\/p>\n<p>En el marco de su 33 aniversario, el Fondo Nacional de Desarrollo Pesquero (FONDEPES), organismo adscrito al Ministerio de la Producci\u00f3n (Produce), ejecutar\u00e1 del 2 al 5 de junio una jornada de cursos descentralizados de capacitaci\u00f3n en acuicultura, con presencia en once regiones del pa\u00eds.<\/p>\n<p>Las actividades, organizadas por la Direcci\u00f3n General de Capacitaci\u00f3n y Desarrollo T\u00e9cnico en Acuicultura (DIGECADETA), se desarrollar\u00e1n de manera presencial en \u00c1ncash, Tacna, Madre de Dios, San Mart\u00edn, Ayacucho, Cusco, Piura, Tumbes, Jun\u00edn, Lima y Loreto, en coordinaci\u00f3n con universidades, institutos de educaci\u00f3n superior y gobiernos locales.<\/p>\n<p>\u201cLa acuicultura es importante para diversificar la econom\u00eda en zonas vulnerables y fortalecer la seguridad alimentaria del pa\u00eds. Por eso, hemos apostado por llegar directamente a las regiones, trabajando de la mano con los aliados locales para capacitar a m\u00e1s peruanas y peruanos\u201d, se\u00f1al\u00f3 la jefa del FONDEPES, Katia Novoa S\u00e1nchez.<\/p>\n<p>Entre las entidades que colaboran con esta estrategia de formaci\u00f3n destacan el Instituto de Educaci\u00f3n Superior Tecnol\u00f3gico P\u00fablico de Huarmey, la Universidad Nacional de Tumbes, el Instituto P\u00fablico Ash\u00e1ninka de Jun\u00edn, la Universidad Nacional de Educaci\u00f3n Enrique Guzm\u00e1n y Valle y la Municipalidad Provincial de Bellavista (San Mart\u00edn), entre otras.<\/p>\n<p>Los cursos abordar\u00e1n conocimientos esenciales para el desarrollo t\u00e9cnico-productivo del sector, como el cultivo de ostras del Pac\u00edfico en \u00c1ncash; escalamiento y procesos productivos del paco en Cusco y Madre de Dios; manejo integral de peces tropicales y crianza t\u00e9cnica de trucha arco\u00edris, entre otros temas.<\/p>\n<p>Como parte de las actividades centrales, el 5 de junio \u2014fecha del aniversario institucional\u2014 se realizar\u00e1 el lanzamiento oficial de dos herramientas t\u00e9cnicas clave: los \u201cProtocolos de reproducci\u00f3n y manejo de semilla de acarahuaz\u00fa\u201d y los \u201cProtocolos de reproducci\u00f3n y manejo de semilla de carachama com\u00fan\u201d, especies nativas con alto valor alimenticio y ornamental.<\/p>\n<p>\u201cEstas especies tienen gran capacidad de adaptaci\u00f3n, lo que las convierte en una alternativa sostenible para mejorar la calidad de vida de muchas comunidades. Su promoci\u00f3n es una apuesta por una acuicultura m\u00e1s inclusiva, eficiente y resiliente\u201d, afirm\u00f3 Novoa S\u00e1nchez.<\/p>\n<p>Con estas acciones, FONDEPES reafirma su compromiso con el desarrollo t\u00e9cnico y sostenible de la acuicultura en el Per\u00fa, integrando el conocimiento, la descentralizaci\u00f3n y la innovaci\u00f3n al servicio de los productores acu\u00edcolas del pa\u00eds.<\/p>\n<p>&nbsp;<\/p>\n<p>&nbsp;<\/p>\n","protected":false},"excerpt":{"rendered":"<p>Brindar\u00e1 capacitaciones t\u00e9cnicas presenciales, en alianza con universidades e institutos locales, para impulsar la acuicultura como motor de desarrollo econ\u00f3mico y alimentario. En el marco de su 33 aniversario, el Fondo Nacional de Desarrollo Pesquero (FONDEPES), organismo adscrito al Ministerio de la Producci\u00f3n (Produce), ejecutar\u00e1 del 2 al 5 de junio una jornada de cursos [&hellip;]<\/p>\n","protected":false},"author":2,"featured_media":31044,"comment_status":"open","ping_status":"open","sticky":false,"template":"","format":"standard","meta":{"footnotes":""},"categories":[63],"tags":[],"class_list":["post-31043","post","type-post","status-publish","format-standard","has-post-thumbnail","hentry","category-noticias"],"_links":{"self":[{"href":"http:\/\/www.perupesquero.org\/web\/wp-json\/wp\/v2\/posts\/31043","targetHints":{"allow":["GET"]}}],"collection":[{"href":"http:\/\/www.perupesquero.org\/web\/wp-json\/wp\/v2\/posts"}],"about":[{"href":"http:\/\/www.perupesquero.org\/web\/wp-json\/wp\/v2\/types\/post"}],"author":[{"embeddable":true,"href":"http:\/\/www.perupesquero.org\/web\/wp-json\/wp\/v2\/users\/2"}],"replies":[{"embeddable":true,"href":"http:\/\/www.perupesquero.org\/web\/wp-json\/wp\/v2\/comments?post=31043"}],"version-history":[{"count":1,"href":"http:\/\/www.perupesquero.org\/web\/wp-json\/wp\/v2\/posts\/31043\/revisions"}],"predecessor-version":[{"id":31045,"href":"http:\/\/www.perupesquero.org\/web\/wp-json\/wp\/v2\/posts\/31043\/revisions\/31045"}],"wp:featuredmedia":[{"embeddable":true,"href":"http:\/\/www.perupesquero.org\/web\/wp-json\/wp\/v2\/media\/31044"}],"wp:attachment":[{"href":"http:\/\/www.perupesquero.org\/web\/wp-json\/wp\/v2\/media?parent=31043"}],"wp:term":[{"taxonomy":"category","embeddable":true,"href":"http:\/\/www.perupesquero.org\/web\/wp-json\/wp\/v2\/categories?post=31043"},{"taxonomy":"post_tag","embeddable":true,"href":"http:\/\/www.perupesquero.org\/web\/wp-json\/wp\/v2\/tags?post=31043"}],"curies":[{"name":"wp","href":"https:\/\/api.w.org\/{rel}","templated":true}]}}