{"id":31040,"date":"2025-05-26T20:13:30","date_gmt":"2025-05-27T01:13:30","guid":{"rendered":"https:\/\/www.perupesquero.org\/web\/?p=31040"},"modified":"2025-05-26T20:13:30","modified_gmt":"2025-05-27T01:13:30","slug":"ministra-leslie-urteaga-gobierno-central-trabaja-junto-a-los-gobiernos-regionales-locales-y-el-congreso-para-transformar-vidas","status":"publish","type":"post","link":"http:\/\/www.perupesquero.org\/web\/ministra-leslie-urteaga-gobierno-central-trabaja-junto-a-los-gobiernos-regionales-locales-y-el-congreso-para-transformar-vidas\/","title":{"rendered":"Ministra Leslie Urteaga: \u201cGobierno Central trabaja junto a los gobiernos regionales, locales y el Congreso para transformar vidas\u201d"},"content":{"rendered":"<p>La ministra de Desarrollo e Inclusi\u00f3n Social, Leslie Urteaga, visit\u00f3 la regi\u00f3n La Libertad para cumplir una agenda importante de trabajo, junto al gobernador regional de La Libertad, C\u00e9sar Acu\u00f1a y la congresista Magaly Ruiz.<\/p>\n<p>En este marco, enfatiz\u00f3 que el gobierno de la presidenta Dina Boluarte y el gabinete liderado por el premier Eduardo Arana, trabajan de la mano con los gobiernos regionales y locales, y con el Poder Legislativo para el bienestar y la protecci\u00f3n social de la poblaci\u00f3n en situaci\u00f3n de pobreza y vulnerabilidad, sin dejar llevarse por las cr\u00edticas que buscan la confrontaci\u00f3n y divisi\u00f3n del pa\u00eds.<\/p>\n<p>\u201cEl Gobierno Central no trabaja para las encuestas sino para transformar las vidas de la gente, llevando servicios donde antes no hab\u00eda, y lo hacemos trabajando con las autoridades regionales y locales, con el Congreso, articulando y coordinando con los dem\u00e1s sectores, para construir un Per\u00fa m\u00e1s solidario, inclusivo y desarrollado\u201d, subray\u00f3 la titular del Midis, tras participar en su rol de coordinadora de la regi\u00f3n, y a invitaci\u00f3n del gobernador C\u00e9sar Acu\u00f1a, en la ceremonia de transferencia de recursos a municipalidades, para realizar m\u00e1s obras p\u00fablicas que contribuyan al desarrollo de los liberte\u00f1os y liberte\u00f1as.<\/p>\n<p>La ministra Leslie Urteaga tambi\u00e9n reiter\u00f3 en Trujillo que la presidenta Dina Boluarte, no ha pedido el aumento del sueldo presidencial, y que el tema remunerativo corresponde a los procedimientos que realiza la Autoridad Nacional del Servicio Civil \u2013 Servir.<\/p>\n<p>\u201cEl tema est\u00e1 claro, y lo repito, es un proceso que viene de Servir. De ninguna manera este tema ha salido de la presidenta; ello responde a la normativa de Servir, de un ordenamiento en lo que corresponde a la administraci\u00f3n de la gesti\u00f3n p\u00fablica\u201d, puntualiz\u00f3.<\/p>\n<p>Convenio entre el GORE La Libertad y Midis<\/p>\n<p>Dentro de su agenda de trabajo en Trujillo, la ministra particip\u00f3 esta ma\u00f1ana en la feria de orientaci\u00f3n vocacional \u201cConstruyendo mi Futuro\u201d, organizada por el programa Juntos en el colegio \u201cSan Mart\u00edn de Porres\u201d, en el distrito de La Esperanza, junto al gobernador regional de La Libertad, C\u00e9sar Acu\u00f1a y la congresista Magaly Ruiz, para acercar oportunidades de educaci\u00f3n superior a adolescentes de 3.\u00b0, 4.\u00b0 y 5.\u00b0 grado de educaci\u00f3n secundaria en situaci\u00f3n de vulnerabilidad, y de esa manera rompan el ciclo de la pobreza intergeneracional.<\/p>\n<p>En el evento, el gobernador regional de La Libertad, C\u00e9sar Acu\u00f1a, anunci\u00f3 la coordinaci\u00f3n con la ministra Leslie Urteaga para firmar un convenio con el Midis para que los colegios tengan una adecuada infraestructura de cocina, que garantice la elaboraci\u00f3n de alimentos a los escolares en condiciones de salubridad, y que este modelo sea replicado en toda la regi\u00f3n.<\/p>\n<p>\u201cGracias al gobernador por su compromiso de tener este convenio para poner a disposici\u00f3n mejores espacios de infraestructura en temas gastron\u00f3micos y culinarios, porque posiblemente de aqu\u00ed tambi\u00e9n saldr\u00e1n cocineros y cocineras profesionales\u201d, anot\u00f3 la ministra.<\/p>\n<p>En el complejo deportivo \u201cSan Mart\u00edn de Porres\u201d, en el distrito de La Esperanza, la ministra tambi\u00e9n particip\u00f3 en la entrega de cuatro toneladas de pescado a representantes de ollas comunes y comedores populares, gracias a la acci\u00f3n articulada con la Sociedad Nacional de Pesquer\u00eda y la Municipalidad Distrital de La Esperanza, en el complejo deportivo \u201cSan Mart\u00edn de Porres\u201d, con el fin de contribuir a la mejora alimentaria y prevenci\u00f3n de la anemia en la poblaci\u00f3n vulnerable.<\/p>\n<p>Adem\u00e1s, resalt\u00f3 la entrega del subsidio de S\/65 millones que por primera vez reciben m\u00e1s de 19 mil organizaciones del pa\u00eds, que son centros de atenci\u00f3n del Programa de Complementaci\u00f3n Alimentaria (PCA) conformados por ollas comunes y comedores, para que complementen el servicio de alimentaci\u00f3n a la poblaci\u00f3n vulnerable.<\/p>\n<p>Asimismo, la ministra tambi\u00e9n recorri\u00f3 en el mismo complejo, los stands de los programas sociales y entidades presentes en la feria multisectorial de servicios denominada, \u201cFeria de Inclusi\u00f3n y Oportunidades Crecemos&#8221;, cuyo objetivo es ofrecer in situ, asesor\u00eda personalizada sobre los programas sociales, requisitos de acceso y su respectiva clasificaci\u00f3n socioecon\u00f3mica, para reducir las brechas.<\/p>\n<p>La titular del sector culmin\u00f3 la jornada de trabajo con una visita inopinada al Centro Infantil de Atenci\u00f3n Integral \u2013 CIAI \u201cNuevo Porvenir\u201d, en la ciudad de Trujillo, para comprobar la atenci\u00f3n que reciben los ni\u00f1os y ni\u00f1as de 6 a 36 meses de edad, por parte del Ministerio de Desarrollo e Inclusi\u00f3n Social, a trav\u00e9s del programa Cuna M\u00e1s.<\/p>\n<p>En este espacio se brinda atenci\u00f3n integral, incluyendo aprendizaje, salud y nutrici\u00f3n, y cuentan con salas divididas por edades, para beb\u00e9s y gateadores, para caminantes y exploradores, o salas mixtas. A trav\u00e9s de Cuna M\u00e1s, el Midis busca mejorar el desarrollo infantil temprano en zonas de pobreza y pobreza extrema.<\/p>\n<p>&nbsp;<\/p>\n","protected":false},"excerpt":{"rendered":"<p>La ministra de Desarrollo e Inclusi\u00f3n Social, Leslie Urteaga, visit\u00f3 la regi\u00f3n La Libertad para cumplir una agenda importante de trabajo, junto al gobernador regional de La Libertad, C\u00e9sar Acu\u00f1a y la congresista Magaly Ruiz. En este marco, enfatiz\u00f3 que el gobierno de la presidenta Dina Boluarte y el gabinete liderado por el premier Eduardo [&hellip;]<\/p>\n","protected":false},"author":2,"featured_media":31041,"comment_status":"open","ping_status":"open","sticky":false,"template":"","format":"standard","meta":{"footnotes":""},"categories":[63],"tags":[],"class_list":["post-31040","post","type-post","status-publish","format-standard","has-post-thumbnail","hentry","category-noticias"],"_links":{"self":[{"href":"http:\/\/www.perupesquero.org\/web\/wp-json\/wp\/v2\/posts\/31040","targetHints":{"allow":["GET"]}}],"collection":[{"href":"http:\/\/www.perupesquero.org\/web\/wp-json\/wp\/v2\/posts"}],"about":[{"href":"http:\/\/www.perupesquero.org\/web\/wp-json\/wp\/v2\/types\/post"}],"author":[{"embeddable":true,"href":"http:\/\/www.perupesquero.org\/web\/wp-json\/wp\/v2\/users\/2"}],"replies":[{"embeddable":true,"href":"http:\/\/www.perupesquero.org\/web\/wp-json\/wp\/v2\/comments?post=31040"}],"version-history":[{"count":1,"href":"http:\/\/www.perupesquero.org\/web\/wp-json\/wp\/v2\/posts\/31040\/revisions"}],"predecessor-version":[{"id":31042,"href":"http:\/\/www.perupesquero.org\/web\/wp-json\/wp\/v2\/posts\/31040\/revisions\/31042"}],"wp:featuredmedia":[{"embeddable":true,"href":"http:\/\/www.perupesquero.org\/web\/wp-json\/wp\/v2\/media\/31041"}],"wp:attachment":[{"href":"http:\/\/www.perupesquero.org\/web\/wp-json\/wp\/v2\/media?parent=31040"}],"wp:term":[{"taxonomy":"category","embeddable":true,"href":"http:\/\/www.perupesquero.org\/web\/wp-json\/wp\/v2\/categories?post=31040"},{"taxonomy":"post_tag","embeddable":true,"href":"http:\/\/www.perupesquero.org\/web\/wp-json\/wp\/v2\/tags?post=31040"}],"curies":[{"name":"wp","href":"https:\/\/api.w.org\/{rel}","templated":true}]}}