{"id":31035,"date":"2025-05-26T12:35:50","date_gmt":"2025-05-26T17:35:50","guid":{"rendered":"https:\/\/www.perupesquero.org\/web\/?p=31035"},"modified":"2025-05-26T12:45:39","modified_gmt":"2025-05-26T17:45:39","slug":"presencia-de-sardina-en-pisco-pescadores-de-la-embarcacion-andes-31-reportan-ejemplares-en-zona-de-infiernillo","status":"publish","type":"post","link":"http:\/\/www.perupesquero.org\/web\/presencia-de-sardina-en-pisco-pescadores-de-la-embarcacion-andes-31-reportan-ejemplares-en-zona-de-infiernillo\/","title":{"rendered":"Presencia de sardina en Pisco: Pescadores de la embarcaci\u00f3n Andes 31 reportan ejemplares en zona de Infiernillo"},"content":{"rendered":"<p>Durante la actual primera temporada de pesca industrial de anchoveta en la zona centro-norte 2025, los pescadores anchoveteros enfrentan m\u00faltiples desaf\u00edos para cumplir con la cuota asignada de 3 millones de toneladas. Entre los principales obst\u00e1culos destacan los intensos oleajes an\u00f3malos y los fuertes vientos Alisios, condiciones clim\u00e1ticas adversas que complican las faenas pesqueras en el mar peruano.<\/p>\n<p data-start=\"652\" data-end=\"978\">En ese escenario, la labor de captura, particularmente durante la cala de la anchoveta, demanda gran pericia, ya que esta especie pel\u00e1gica suele estar acompa\u00f1ada por otras, como la &#8220;m\u00fanida&#8221; o &#8220;camaroncito rojo&#8221; (<em data-start=\"847\" data-end=\"869\">Pleuroncodes monodon<\/em>), cuya presencia requiere una minuciosa separaci\u00f3n durante la operaci\u00f3n, generando sobrecarga operativa.<\/p>\n<p data-start=\"980\" data-end=\"1493\">El 25 de mayo, en la zona marina de Infiernillo, al sur de Pisco, la tripulaci\u00f3n de la embarcaci\u00f3n <em data-start=\"1072\" data-end=\"1082\">Andes 31<\/em>, de Copeinca (Cooke Inc.), report\u00f3 la captura de algunos ejemplares de sardina (<em data-start=\"1172\" data-end=\"1195\">Sardinops sagax sagax<\/em>), una especie que se sabe, desapareci\u00f3 de las aguas peruanas hace aproximadamente 27 a\u00f1os. Esta especie habita normalmente en aguas fr\u00edas del Pac\u00edfico, con temperaturas que oscilan entre los 16\u202f\u00b0C y 23\u202f\u00b0C en verano, y entre 10\u202f\u00b0C y 18\u202f\u00b0C en invierno, condiciones que genera la corriente de Humboldt.<\/p>\n<p>Cabe recordar que la sardina fue una especie de gran importancia comercial en el pa\u00eds hasta finales de los a\u00f1os 90, cuando su poblaci\u00f3n colaps\u00f3 debido a la sobrepesca, agravada por el evento El Ni\u00f1o de 1997-1998. Su reaparici\u00f3n en Pisco en 2025 (aunque solo con algunos ejemplares), sumada al registro del a\u00f1o 2023 en la zona de Lagunillas, donde se capturaron m\u00e1s de 20 kilos, abre la posibilidad de que este recurso vuelva progresivamente al mar peruano. As\u00ed lo sostuvo el investigador cient\u00edfico del Instituto de Investigaci\u00f3n para el Desarrollo (IRD) de Francia, Fran\u00e7ois Gerlotto, quien indic\u00f3 que su retorno depender\u00e1 de la persistencia de condiciones oceanogr\u00e1ficas favorables.<\/p>\n<p>Video: Fernando V\u00edlchez, tripulanate de la E\/P Andes 31<\/p>\n","protected":false},"excerpt":{"rendered":"<p>Durante la actual primera temporada de pesca industrial de anchoveta en la zona centro-norte 2025, los pescadores anchoveteros enfrentan m\u00faltiples desaf\u00edos para cumplir con la cuota asignada de 3 millones de toneladas. Entre los principales obst\u00e1culos destacan los intensos oleajes an\u00f3malos y los fuertes vientos Alisios, condiciones clim\u00e1ticas adversas que complican las faenas pesqueras en [&hellip;]<\/p>\n","protected":false},"author":2,"featured_media":31036,"comment_status":"open","ping_status":"open","sticky":false,"template":"","format":"standard","meta":{"footnotes":""},"categories":[63],"tags":[],"class_list":["post-31035","post","type-post","status-publish","format-standard","has-post-thumbnail","hentry","category-noticias"],"_links":{"self":[{"href":"http:\/\/www.perupesquero.org\/web\/wp-json\/wp\/v2\/posts\/31035","targetHints":{"allow":["GET"]}}],"collection":[{"href":"http:\/\/www.perupesquero.org\/web\/wp-json\/wp\/v2\/posts"}],"about":[{"href":"http:\/\/www.perupesquero.org\/web\/wp-json\/wp\/v2\/types\/post"}],"author":[{"embeddable":true,"href":"http:\/\/www.perupesquero.org\/web\/wp-json\/wp\/v2\/users\/2"}],"replies":[{"embeddable":true,"href":"http:\/\/www.perupesquero.org\/web\/wp-json\/wp\/v2\/comments?post=31035"}],"version-history":[{"count":3,"href":"http:\/\/www.perupesquero.org\/web\/wp-json\/wp\/v2\/posts\/31035\/revisions"}],"predecessor-version":[{"id":31039,"href":"http:\/\/www.perupesquero.org\/web\/wp-json\/wp\/v2\/posts\/31035\/revisions\/31039"}],"wp:featuredmedia":[{"embeddable":true,"href":"http:\/\/www.perupesquero.org\/web\/wp-json\/wp\/v2\/media\/31036"}],"wp:attachment":[{"href":"http:\/\/www.perupesquero.org\/web\/wp-json\/wp\/v2\/media?parent=31035"}],"wp:term":[{"taxonomy":"category","embeddable":true,"href":"http:\/\/www.perupesquero.org\/web\/wp-json\/wp\/v2\/categories?post=31035"},{"taxonomy":"post_tag","embeddable":true,"href":"http:\/\/www.perupesquero.org\/web\/wp-json\/wp\/v2\/tags?post=31035"}],"curies":[{"name":"wp","href":"https:\/\/api.w.org\/{rel}","templated":true}]}}