{"id":31006,"date":"2025-05-21T17:47:21","date_gmt":"2025-05-21T22:47:21","guid":{"rendered":"https:\/\/www.perupesquero.org\/web\/?p=31006"},"modified":"2025-05-21T17:48:10","modified_gmt":"2025-05-21T22:48:10","slug":"produce-fondepes-capacito-a-pescadores-artesanales-de-madre-de-dios-en-operacion-y-mantenimiento-de-motores-peque-peque","status":"publish","type":"post","link":"http:\/\/www.perupesquero.org\/web\/produce-fondepes-capacito-a-pescadores-artesanales-de-madre-de-dios-en-operacion-y-mantenimiento-de-motores-peque-peque\/","title":{"rendered":"Produce: FONDEPES capacit\u00f3 a pescadores artesanales de Madre de Dios en operaci\u00f3n y mantenimiento de motores &#8220;peque peque&#8221;"},"content":{"rendered":"<p><em><strong>Las actividades formativas tuvieron como finalidad brindar conocimientos pr\u00e1cticos para el mantenimiento preventivo y correctivo de este tipo de equipos.<\/strong><\/em><\/p>\n<p>Con el objetivo de fortalecer las competencias t\u00e9cnicas de los pescadores artesanales de aguas continentales, el Ministerio de la Producci\u00f3n (Produce), mediante el Fondo Nacional de Desarrollo Pesquero (FONDEPES), realiz\u00f3 dos cursos de capacitaci\u00f3n t\u00e9cnico-productivos en la provincia de Tambopata, ubicada en la regi\u00f3n Madre de Dios.<\/p>\n<p>Las actividades formativas, denominadas \u201cOperaci\u00f3n y Mantenimiento de Motores (peque peque)\u201d, se desarrollaron entre el 12 y el 17 de mayo del 2025, capacitando, en total, a 40 participantes. A detalle, la primera edici\u00f3n se desarroll\u00f3 del 12 al 14 de mayo y la segunda del 15 al 17, con 29 y 11 participantes aprobados, respectivamente.<\/p>\n<p>El viceministro de Pesca y Acuicultura, Jes\u00fas Eloy Barrientos Ruiz, destac\u00f3 que las sesiones de car\u00e1cter t\u00e9cnico-productivo, tuvieron como finalidad brindar conocimientos pr\u00e1cticos para el mantenimiento preventivo y correctivo de motores de combusti\u00f3n interna tipo \u201cpeque peque\u201d, que son ampliamente utilizados en las actividades fluviales de la regi\u00f3n.<\/p>\n<p>\u201cDesde el Ministerio de la Producci\u00f3n impulsamos estas capacitaciones porque entendemos que mejorar el conocimiento t\u00e9cnico de nuestros pescadores artesanales optimiza su productividad, fortalece su seguridad en las labores diarias y contribuye al desarrollo sostenible de la Amazon\u00eda\u201d, se\u00f1al\u00f3 el viceministro.<\/p>\n<p>Adicionalmente, en esas mismas fechas, el FONDEPES tambi\u00e9n ejecut\u00f3 seis actividades de capacitaci\u00f3n en las regiones de Lima, Moquegua y Piura, logrando capacitar a m\u00e1s de 130 agentes de la pesca artesanal.<\/p>\n<p>Estas acciones evidencian el compromiso de Produce y FONDEPES con el desarrollo de capacidades en el sector pesquero artesanal. Adem\u00e1s, promueven el uso sostenible de los recursos y el bienestar de las comunidades m\u00e1s alejadas del pa\u00eds.<\/p>\n<p>&nbsp;<\/p>\n","protected":false},"excerpt":{"rendered":"<p>Las actividades formativas tuvieron como finalidad brindar conocimientos pr\u00e1cticos para el mantenimiento preventivo y correctivo de este tipo de equipos. Con el objetivo de fortalecer las competencias t\u00e9cnicas de los pescadores artesanales de aguas continentales, el Ministerio de la Producci\u00f3n (Produce), mediante el Fondo Nacional de Desarrollo Pesquero (FONDEPES), realiz\u00f3 dos cursos de capacitaci\u00f3n t\u00e9cnico-productivos [&hellip;]<\/p>\n","protected":false},"author":2,"featured_media":31007,"comment_status":"open","ping_status":"open","sticky":false,"template":"","format":"standard","meta":{"footnotes":""},"categories":[63],"tags":[],"class_list":["post-31006","post","type-post","status-publish","format-standard","has-post-thumbnail","hentry","category-noticias"],"_links":{"self":[{"href":"http:\/\/www.perupesquero.org\/web\/wp-json\/wp\/v2\/posts\/31006","targetHints":{"allow":["GET"]}}],"collection":[{"href":"http:\/\/www.perupesquero.org\/web\/wp-json\/wp\/v2\/posts"}],"about":[{"href":"http:\/\/www.perupesquero.org\/web\/wp-json\/wp\/v2\/types\/post"}],"author":[{"embeddable":true,"href":"http:\/\/www.perupesquero.org\/web\/wp-json\/wp\/v2\/users\/2"}],"replies":[{"embeddable":true,"href":"http:\/\/www.perupesquero.org\/web\/wp-json\/wp\/v2\/comments?post=31006"}],"version-history":[{"count":1,"href":"http:\/\/www.perupesquero.org\/web\/wp-json\/wp\/v2\/posts\/31006\/revisions"}],"predecessor-version":[{"id":31008,"href":"http:\/\/www.perupesquero.org\/web\/wp-json\/wp\/v2\/posts\/31006\/revisions\/31008"}],"wp:featuredmedia":[{"embeddable":true,"href":"http:\/\/www.perupesquero.org\/web\/wp-json\/wp\/v2\/media\/31007"}],"wp:attachment":[{"href":"http:\/\/www.perupesquero.org\/web\/wp-json\/wp\/v2\/media?parent=31006"}],"wp:term":[{"taxonomy":"category","embeddable":true,"href":"http:\/\/www.perupesquero.org\/web\/wp-json\/wp\/v2\/categories?post=31006"},{"taxonomy":"post_tag","embeddable":true,"href":"http:\/\/www.perupesquero.org\/web\/wp-json\/wp\/v2\/tags?post=31006"}],"curies":[{"name":"wp","href":"https:\/\/api.w.org\/{rel}","templated":true}]}}