{"id":31000,"date":"2025-05-20T21:28:29","date_gmt":"2025-05-21T02:28:29","guid":{"rendered":"https:\/\/www.perupesquero.org\/web\/?p=31000"},"modified":"2025-05-20T21:28:29","modified_gmt":"2025-05-21T02:28:29","slug":"desesperacion-familias-imploran-busqueda-de-seis-pescadores-desaparecidos-tras-hundimiento-del-yeick-y-dilan","status":"publish","type":"post","link":"http:\/\/www.perupesquero.org\/web\/desesperacion-familias-imploran-busqueda-de-seis-pescadores-desaparecidos-tras-hundimiento-del-yeick-y-dilan\/","title":{"rendered":"\u00a1Desesperaci\u00f3n!: Familias imploran b\u00fasqueda de seis pescadores desaparecidos tras hundimiento del \u201cYeick y Dilan\u201d"},"content":{"rendered":"<p>Han pasado oficialmente 26 d\u00edas desde que seis pescadores zarparon del muelle artesanal Jos\u00e9 Olaya Balandra, en San Andr\u00e9s, Pisco, a bordo de la embarcaci\u00f3n \u201cYeick y Dilan\u201d (matr\u00edcula PS-51919-BM), con la esperanza de regresar a casa tras una jornada m\u00e1s en busca de bonito. Pero desde entonces, el silencio y la incertidumbre se han apoderado de sus familias, que no han vuelto a tener noticias de ellos.<\/p>\n<p data-start=\"642\" data-end=\"912\">Los tripulantes, Juan Diego Motta Herrera, Carlos Javier Medina D\u00edaz, Jassan Al\u00ed Andrade Garc\u00eda, Jos\u00e9 Armando Barrientos Mendoza y Gregorio Augusto Flores Carmona, desaparecieron en altamar tras reportar por radio una angustiante se\u00f1al: <em data-start=\"879\" data-end=\"911\">\u201c\u00a1Nos hundimos, nos hundimos!\u201d<\/em>.<\/p>\n<p data-start=\"914\" data-end=\"1200\">Seg\u00fan relatan sus seres queridos, fue el mal tiempo lo que provoc\u00f3 el naufragio. La embarcaci\u00f3n fue hallada volcada por los fuertes oleajes cerca del mar de Ca\u00f1ete. Aunque otras embarcaciones habr\u00edan escuchado el pedido de auxilio, lamentablemente no se lleg\u00f3 a tiempo para rescatarlos.<\/p>\n<p data-start=\"1202\" data-end=\"1474\">Desde entonces, las familias no han cesado en sus esfuerzos por encontrarlos. Han movilizado recursos, solicitado apoyo de las autoridades y hasta utilizaron una aeronave no tripulada (dron) para rastrear la zona. A pesar de todo, el mar a\u00fan no les ha devuelto respuestas.<\/p>\n<p data-start=\"1476\" data-end=\"1796\">La desesperaci\u00f3n crece con cada amanecer, pero tambi\u00e9n lo hace la fe. Sus madres, padres, esposas e hijos no pierden la esperanza de que ocurra un milagro. Ruegan a las autoridades que no abandonen la b\u00fasqueda, que no dejen solos a estos seis hombres del mar, ni a las familias que los esperan con el coraz\u00f3n en la mano.<\/p>\n<p>&nbsp;<\/p>\n<p data-start=\"1798\" data-end=\"1954\"><em data-start=\"1798\" data-end=\"1872\">&#8220;No nos vamos a rendir, mientras no los encontremos seguiremos luchando&#8221;<\/em>, expresan con la voz quebrada, aferr\u00e1ndose a la esperanza de volver a abrazarlos.<\/p>\n<p>&nbsp;<\/p>\n","protected":false},"excerpt":{"rendered":"<p>Han pasado oficialmente 26 d\u00edas desde que seis pescadores zarparon del muelle artesanal Jos\u00e9 Olaya Balandra, en San Andr\u00e9s, Pisco, a bordo de la embarcaci\u00f3n \u201cYeick y Dilan\u201d (matr\u00edcula PS-51919-BM), con la esperanza de regresar a casa tras una jornada m\u00e1s en busca de bonito. Pero desde entonces, el silencio y la incertidumbre se han [&hellip;]<\/p>\n","protected":false},"author":2,"featured_media":31001,"comment_status":"open","ping_status":"open","sticky":false,"template":"","format":"standard","meta":{"footnotes":""},"categories":[63],"tags":[],"class_list":["post-31000","post","type-post","status-publish","format-standard","has-post-thumbnail","hentry","category-noticias"],"_links":{"self":[{"href":"http:\/\/www.perupesquero.org\/web\/wp-json\/wp\/v2\/posts\/31000","targetHints":{"allow":["GET"]}}],"collection":[{"href":"http:\/\/www.perupesquero.org\/web\/wp-json\/wp\/v2\/posts"}],"about":[{"href":"http:\/\/www.perupesquero.org\/web\/wp-json\/wp\/v2\/types\/post"}],"author":[{"embeddable":true,"href":"http:\/\/www.perupesquero.org\/web\/wp-json\/wp\/v2\/users\/2"}],"replies":[{"embeddable":true,"href":"http:\/\/www.perupesquero.org\/web\/wp-json\/wp\/v2\/comments?post=31000"}],"version-history":[{"count":1,"href":"http:\/\/www.perupesquero.org\/web\/wp-json\/wp\/v2\/posts\/31000\/revisions"}],"predecessor-version":[{"id":31002,"href":"http:\/\/www.perupesquero.org\/web\/wp-json\/wp\/v2\/posts\/31000\/revisions\/31002"}],"wp:featuredmedia":[{"embeddable":true,"href":"http:\/\/www.perupesquero.org\/web\/wp-json\/wp\/v2\/media\/31001"}],"wp:attachment":[{"href":"http:\/\/www.perupesquero.org\/web\/wp-json\/wp\/v2\/media?parent=31000"}],"wp:term":[{"taxonomy":"category","embeddable":true,"href":"http:\/\/www.perupesquero.org\/web\/wp-json\/wp\/v2\/categories?post=31000"},{"taxonomy":"post_tag","embeddable":true,"href":"http:\/\/www.perupesquero.org\/web\/wp-json\/wp\/v2\/tags?post=31000"}],"curies":[{"name":"wp","href":"https:\/\/api.w.org\/{rel}","templated":true}]}}