{"id":30918,"date":"2025-05-07T16:27:13","date_gmt":"2025-05-07T21:27:13","guid":{"rendered":"https:\/\/www.perupesquero.org\/web\/?p=30918"},"modified":"2025-05-07T16:27:56","modified_gmt":"2025-05-07T21:27:56","slug":"el-mar-peruano-se-trago-a-mishell-saucedo-el-hundimiento-de-la-embarcacion-mil-paz-que-deja-mas-preguntas-que-respuestas","status":"publish","type":"post","link":"http:\/\/www.perupesquero.org\/web\/el-mar-peruano-se-trago-a-mishell-saucedo-el-hundimiento-de-la-embarcacion-mil-paz-que-deja-mas-preguntas-que-respuestas\/","title":{"rendered":"El mar peruano se trag\u00f3 a Mishell Saucedo: El hundimiento de la embarcaci\u00f3n Mil Paz que deja m\u00e1s preguntas que respuestas"},"content":{"rendered":"<p>La ma\u00f1ana del 29 de abril, al promediar las 8:00 a.m., la embarcaci\u00f3n pesquera <strong><em>Mil Paz<\/em><\/strong>, de matr\u00edcula CE-1862, zarp\u00f3 rumbo a la zona de pesca ubicada entre Mala y el Callao. Todo parec\u00eda indicar que se trataba de una operaci\u00f3n rutinaria, con la expectativa de realizar la primera cala del d\u00eda. Sin embargo, algo ocurri\u00f3 en el mar. Por razones a\u00fan no esclarecidas, la nave termin\u00f3 hundi\u00e9ndose, convirti\u00e9ndose en p\u00e9rdida total.<\/p>\n<p>La tripulaci\u00f3n, asustada por la emergencia, qued\u00f3 a la deriva en el agua, luchando por sobrevivir mientras esperaban ser rescatados. Catorce pescadores fueron salvados con vida, pero uno no volvi\u00f3 a ver la superficie: Mishell Saucedo Cruz, quien llevaba 19 a\u00f1os dedicados a la pesca de anchoveta, desapareci\u00f3 en medio del caos.<\/p>\n<p>La red que atrap\u00f3 m\u00e1s que anchovetas<\/p>\n<p>Cuando todo parec\u00eda indicar que la tragedia no cobrar\u00eda v\u00edctimas, una ausencia comenz\u00f3 a doler. Seg\u00fan relat\u00f3 Rosario Saucedo Cruz, hermana del pescador, Mishell se encontraba cociendo el boliche, una tarea que requiere estar entre las redes, al momento del siniestro. Esa ubicaci\u00f3n lo habr\u00eda dejado atrapado, sin posibilidad de escape. Las redes, convertidas en una trampa mortal, habr\u00edan arrastrado su cuerpo hasta unos 150 metros de profundidad.<\/p>\n<p>La noticia se esparci\u00f3 como reguero de p\u00f3lvora entre los hombres de mar. Los pescadores, siempre unidos por la actividad de alto riesgo, recibi\u00f3 con pesar la noticia de su desaparici\u00f3n. Mientras tanto, Rosario y su familia emprend\u00eda un camino doloroso y lleno de obst\u00e1culos: exigir que se mantuviera la b\u00fasqueda de su hermano.<\/p>\n<p>La empresa en silencio que indigna<\/p>\n<p>La familia tuvo que trasladarse desde Chimbote hasta Lima, con la esperanza de que las autoridades no detuvieran la b\u00fasqueda. Sin embargo, lo que encontraron fue m\u00e1s indiferencia que apoyo. \u201cLos peces muerden la red y por ah\u00ed puede salir el cuerpo\u201d, fue la respuesta que Rosario recibi\u00f3 al exigir que continuaran los esfuerzos de rescate. Una frase fr\u00eda que solo profundiz\u00f3 su dolor.<\/p>\n<p>Peor a\u00fan, la empresa para la que Mishell trabaj\u00f3 por casi dos d\u00e9cadas guarda silencio. Solo ofreci\u00f3 un d\u00eda de alimentaci\u00f3n a la familia, y hasta la fecha no ha mostrado un compromiso real con la b\u00fasqueda ni con el bienestar de sus deudos. Rosario es clara: \u201cSon los amigos del barrio quienes nos est\u00e1n ayudando. Ni siquiera la tripulaci\u00f3n ni el patr\u00f3n nos han llamado para darnos el p\u00e9same\u201d.<\/p>\n<p>Un abogado de la empresa se contact\u00f3 con ellos en Lima, pero propuso una reuni\u00f3n a las 8 de la noche, horario que la familia consider\u00f3 inapropiado. Lo que exigen no es una reuni\u00f3n, sino una acci\u00f3n real: \u201cLo que necesitamos es que sigan buscando el cuerpo de mi hermano para poder darle cristiana sepultura. Es muy doloroso, porque deja a tres hijos: una adolescente y dos j\u00f3venes que est\u00e1n en la universidad, y que hoy han perdido no solo a su padre, sino tambi\u00e9n la esperanza de continuar sus estudios\u201d, expres\u00f3 Rosario entre l\u00e1grimas.<\/p>\n<p>\u00bfAccidente o una negligencia encubierta?<\/p>\n<p>Mientras la familia llora, las dudas crecen. \u00bfFue el hundimiento de la <em>Mil Paz<\/em> producto de condiciones naturales extremas o de fallas operativas? Los tripulantes sobrevivientes declararon ante Capitan\u00eda de Puerto que todo se debi\u00f3 a oleajes an\u00f3malos. Pero otras versiones apuntan a que la embarcaci\u00f3n pudo haber estado mal cuadrada y que las fuertes corrientes marinas la desestabilizaron.<\/p>\n<p>Incluso hay quienes que no era la primera cala del d\u00eda y que las bodegas ya conten\u00edan una carga considerable de anchoveta. Al intentar realizar una nueva cala, la tripulaci\u00f3n no habr\u00eda cortado la red a tiempo. Esta, sobrecargada de peces, no pudo ser levantada (\u201csecada\u201d), lo que habr\u00eda causado el desequilibrio y posterior hundimiento.<\/p>\n<p>Cabe resaltar que la E\/P <strong><em>Mil Paz<\/em><\/strong> ten\u00eda una capacidad de carga de hasta 180 toneladas, un l\u00edmite que, de haberse superado, implicar\u00eda una grave falta de control operativo. Por ello, las declaraciones de los pescadores sobrevivientes ser\u00e1n claves para esclarecer lo que realmente ocurri\u00f3 esa ma\u00f1ana.<\/p>\n<p>Una tragedia que no debe quedar en el olvido<\/p>\n<p>Si se confirma que el siniestro fue consecuencia de exceso de pesca o negligencia, no solo corresponder\u00eda una sanci\u00f3n del Ministerio de la Producci\u00f3n (Produce), sino que el caso deber\u00eda ser investigado por el Ministerio P\u00fablico. Adem\u00e1s, el sindicato al que Mishell estaba afiliado debe pronunciarse y exigir una investigaci\u00f3n completa.<\/p>\n<p>No se puede seguir aceptando que la muerte de un pescador sea vista como parte del \u201criesgo del trabajo\u201d. Cada hombre que se adentra en el mar lleva consigo sue\u00f1os, responsabilidades y familias que esperan su regreso. La historia de Mishell Saucedo Cruz no puede perderse en la bruma del olvido. Su muerte debe ser investigada, su cuerpo encontrado, y su familia amparada.<\/p>\n<p>Porque la justicia tambi\u00e9n debe llegar hasta el fondo del mar.<\/p>\n","protected":false},"excerpt":{"rendered":"<p>La ma\u00f1ana del 29 de abril, al promediar las 8:00 a.m., la embarcaci\u00f3n pesquera Mil Paz, de matr\u00edcula CE-1862, zarp\u00f3 rumbo a la zona de pesca ubicada entre Mala y el Callao. Todo parec\u00eda indicar que se trataba de una operaci\u00f3n rutinaria, con la expectativa de realizar la primera cala del d\u00eda. Sin embargo, algo [&hellip;]<\/p>\n","protected":false},"author":2,"featured_media":30920,"comment_status":"open","ping_status":"open","sticky":false,"template":"","format":"standard","meta":{"footnotes":""},"categories":[63],"tags":[],"class_list":["post-30918","post","type-post","status-publish","format-standard","has-post-thumbnail","hentry","category-noticias"],"_links":{"self":[{"href":"http:\/\/www.perupesquero.org\/web\/wp-json\/wp\/v2\/posts\/30918","targetHints":{"allow":["GET"]}}],"collection":[{"href":"http:\/\/www.perupesquero.org\/web\/wp-json\/wp\/v2\/posts"}],"about":[{"href":"http:\/\/www.perupesquero.org\/web\/wp-json\/wp\/v2\/types\/post"}],"author":[{"embeddable":true,"href":"http:\/\/www.perupesquero.org\/web\/wp-json\/wp\/v2\/users\/2"}],"replies":[{"embeddable":true,"href":"http:\/\/www.perupesquero.org\/web\/wp-json\/wp\/v2\/comments?post=30918"}],"version-history":[{"count":1,"href":"http:\/\/www.perupesquero.org\/web\/wp-json\/wp\/v2\/posts\/30918\/revisions"}],"predecessor-version":[{"id":30919,"href":"http:\/\/www.perupesquero.org\/web\/wp-json\/wp\/v2\/posts\/30918\/revisions\/30919"}],"wp:featuredmedia":[{"embeddable":true,"href":"http:\/\/www.perupesquero.org\/web\/wp-json\/wp\/v2\/media\/30920"}],"wp:attachment":[{"href":"http:\/\/www.perupesquero.org\/web\/wp-json\/wp\/v2\/media?parent=30918"}],"wp:term":[{"taxonomy":"category","embeddable":true,"href":"http:\/\/www.perupesquero.org\/web\/wp-json\/wp\/v2\/categories?post=30918"},{"taxonomy":"post_tag","embeddable":true,"href":"http:\/\/www.perupesquero.org\/web\/wp-json\/wp\/v2\/tags?post=30918"}],"curies":[{"name":"wp","href":"https:\/\/api.w.org\/{rel}","templated":true}]}}