{"id":30901,"date":"2025-05-02T11:36:08","date_gmt":"2025-05-02T16:36:08","guid":{"rendered":"https:\/\/www.perupesquero.org\/web\/?p=30901"},"modified":"2025-05-02T11:43:29","modified_gmt":"2025-05-02T16:43:29","slug":"dia-mundial-del-atun-tiene-el-peru-una-politica-de-desarrollo-para-la-pesca-de-tunidos-2","status":"publish","type":"post","link":"http:\/\/www.perupesquero.org\/web\/dia-mundial-del-atun-tiene-el-peru-una-politica-de-desarrollo-para-la-pesca-de-tunidos-2\/","title":{"rendered":"D\u00eda Mundial del At\u00fan: \u00bfTiene el Per\u00fa una pol\u00edtica de desarrollo para la pesca de t\u00fanidos?"},"content":{"rendered":"<p>Cada 2 de mayo se conmemora el D\u00eda Mundial del At\u00fan, una fecha proclamada por las Naciones Unidas en 2016 para resaltar la importancia de esta especie en la seguridad alimentaria, el desarrollo sostenible y la econom\u00eda global. El at\u00fan es vital para millones de personas y su pesca responsable es clave para proteger los ecosistemas marinos y garantizar recursos para las futuras generaciones.<\/p>\n<p>Per\u00fa, pese a tener uno de los mares m\u00e1s ricos y productivos del mundo, no ha logrado incrementar de forma significativa la captura de at\u00fan, un recurso novade y altamente demandado en los mercados nacional e internacional. Aunque en 2018 se aprob\u00f3 la Ley N.\u00ba 30788, que declara de inter\u00e9s nacional la actividad extractiva y de procesamiento del at\u00fan, su implementaci\u00f3n ha sido pr\u00e1cticamente nula. A la fecha, el pa\u00eds sigue con los mismos 8,195 m\u00b3 de capacidad de acarreo, sin que se concrete su distribuci\u00f3n, lo que evidencia una falta de acci\u00f3n estatal que frena el desarrollo de la pesca atunera en el Per\u00fa.<\/p>\n<p>Si bien el Estado peruano ha participado regularmente en las reuniones de la Comisi\u00f3n Interamericana del At\u00fan Tropical (CIAT) enviando a sus representantes, hasta ahora no se ha hecho p\u00fablico, de manera clara y documentada, cu\u00e1les han sido las propuestas presentadas ante los pa\u00edses miembros. Esto genera serias dudas de cara a la pr\u00f3xima reuni\u00f3n del 25 de agosto, donde se abordar\u00e1 el tema de capacidades. \u00bfQu\u00e9 argumentos llevar\u00e1 el Per\u00fa para solicitar un aumento en su capacidad de acarreo, si ni siquiera ha demostrado el uso pleno de la que ya le fue asignada a sus embarcaciones cerqueras?.<\/p>\n<p>Seg\u00fan datos de la CIAT, en 2022 y 2023 solo 8 de las 16 embarcaciones peruanas autorizadas pescaron at\u00fan, y lo hicieron durante apenas 1 a 3 meses al a\u00f1o. En contraste, las flotas de otros pa\u00edses miembros operan hasta 9 meses anuales, excluyendo la veda. Esta baja actividad demuestra un uso limitado de la capacidad asignada al Per\u00fa, lo que debilita su posici\u00f3n para solicitar una ampliaci\u00f3n de cuota ante la CIAT.<\/p>\n<p>La conmemoraci\u00f3n del D\u00eda Mundial del At\u00fan debe ser una oportunidad para que el Per\u00fa reflexione sobre el retraso en el desarrollo de su pesquer\u00eda atunera, pese al potencial que posee. La falta de implementaci\u00f3n de la Ley N.\u00ba 30788, el poco uso de la capacidad de acarreo asignada, y la d\u00e9bil presencia propositiva del gobierno peruano ante la CIAT, evidencian una ausencia de estrategia clara para posicionar al pa\u00eds como un actor relevante en esta importante pesquer\u00eda. Si se quiere acceder a mayores cuotas y generar empleo sostenible en el sector, es urgente que el Estado asuma un rol activo, transparente y con visi\u00f3n de largo plazo.<\/p>\n","protected":false},"excerpt":{"rendered":"<p>Cada 2 de mayo se conmemora el D\u00eda Mundial del At\u00fan, una fecha proclamada por las Naciones Unidas en 2016 para resaltar la importancia de esta especie en la seguridad alimentaria, el desarrollo sostenible y la econom\u00eda global. El at\u00fan es vital para millones de personas y su pesca responsable es clave para proteger los [&hellip;]<\/p>\n","protected":false},"author":2,"featured_media":27534,"comment_status":"open","ping_status":"open","sticky":false,"template":"","format":"standard","meta":{"footnotes":""},"categories":[18,15,76,14,63],"tags":[],"class_list":["post-30901","post","type-post","status-publish","format-standard","has-post-thumbnail","hentry","category-american","category-australia","category-editorial","category-europe","category-noticias"],"_links":{"self":[{"href":"http:\/\/www.perupesquero.org\/web\/wp-json\/wp\/v2\/posts\/30901","targetHints":{"allow":["GET"]}}],"collection":[{"href":"http:\/\/www.perupesquero.org\/web\/wp-json\/wp\/v2\/posts"}],"about":[{"href":"http:\/\/www.perupesquero.org\/web\/wp-json\/wp\/v2\/types\/post"}],"author":[{"embeddable":true,"href":"http:\/\/www.perupesquero.org\/web\/wp-json\/wp\/v2\/users\/2"}],"replies":[{"embeddable":true,"href":"http:\/\/www.perupesquero.org\/web\/wp-json\/wp\/v2\/comments?post=30901"}],"version-history":[{"count":1,"href":"http:\/\/www.perupesquero.org\/web\/wp-json\/wp\/v2\/posts\/30901\/revisions"}],"predecessor-version":[{"id":30902,"href":"http:\/\/www.perupesquero.org\/web\/wp-json\/wp\/v2\/posts\/30901\/revisions\/30902"}],"wp:featuredmedia":[{"embeddable":true,"href":"http:\/\/www.perupesquero.org\/web\/wp-json\/wp\/v2\/media\/27534"}],"wp:attachment":[{"href":"http:\/\/www.perupesquero.org\/web\/wp-json\/wp\/v2\/media?parent=30901"}],"wp:term":[{"taxonomy":"category","embeddable":true,"href":"http:\/\/www.perupesquero.org\/web\/wp-json\/wp\/v2\/categories?post=30901"},{"taxonomy":"post_tag","embeddable":true,"href":"http:\/\/www.perupesquero.org\/web\/wp-json\/wp\/v2\/tags?post=30901"}],"curies":[{"name":"wp","href":"https:\/\/api.w.org\/{rel}","templated":true}]}}