{"id":30828,"date":"2025-04-22T11:24:06","date_gmt":"2025-04-22T16:24:06","guid":{"rendered":"http:\/\/www.perupesquero.org\/web\/?p=30828"},"modified":"2025-04-22T11:29:42","modified_gmt":"2025-04-22T16:29:42","slug":"el-gobierno-de-dina-boluarte-recibio-a-los-guerreros-del-mar-de-la-pesca-artesanal","status":"publish","type":"post","link":"http:\/\/www.perupesquero.org\/web\/el-gobierno-de-dina-boluarte-recibio-a-los-guerreros-del-mar-de-la-pesca-artesanal\/","title":{"rendered":"El Gobierno de Dina Boluarte recibi\u00f3 a los &#8220;Guerreros del Mar&#8221; de la pesca artesanal"},"content":{"rendered":"<p><strong>\u00a1Su voz trasciende fronteras!<\/strong> El presidente del Consejo de Ministros, Dr. Gustavo Adrianz\u00e9n, se reuni\u00f3 ayer 21 de abril con la alta dirigencia de los pescadores artesanales del litoral peruano, en un encuentro propiciado por la congresista ancashina Nilza Chac\u00f3n Trujillo.<\/p>\n<p data-start=\"429\" data-end=\"758\">A trav\u00e9s de su p\u00e1gina de Facebook, la parlamentaria destac\u00f3 que durante la reuni\u00f3n los representantes del sector de \u00c1ncash, Ica, Sechura y Tacna expresaron su profunda preocupaci\u00f3n por los efectos negativos de la Ley 31749, una norma que, seg\u00fan indicaron, amenaza directamente a la pesca artesanal, aquella que alimenta las mesas populares de miles de peruanos.<\/p>\n<p data-start=\"760\" data-end=\"1073\">La congresista sostuvo que esta ley busca excluir a las embarcaciones peque\u00f1as con redes de cerco mecanizado de la categor\u00eda artesanal y de sus \u00e1reas de pesca, a pesar de su limitada capacidad de bodega. Esta situaci\u00f3n pondr\u00eda en riesgo el sustento diario de m\u00e1s de 50,000 familias que dependen de esta actividad.<\/p>\n<p data-start=\"1075\" data-end=\"1458\">Asimismo, reflexion\u00f3 que si bien la norma busca proteger nuestro ecosistema marino, su implementaci\u00f3n est\u00e1 generando una competencia desleal y una fiscalizaci\u00f3n excesiva que afecta gravemente a los pescadores artesanales tradicionales. Finalmente, reafirm\u00f3 su compromiso de seguir luchando por los derechos de los pescadores artesanales y por una pesca sostenible y justa para todos.<\/p>\n","protected":false},"excerpt":{"rendered":"<p>\u00a1Su voz trasciende fronteras! El presidente del Consejo de Ministros, Dr. Gustavo Adrianz\u00e9n, se reuni\u00f3 ayer 21 de abril con la alta dirigencia de los pescadores artesanales del litoral peruano, en un encuentro propiciado por la congresista ancashina Nilza Chac\u00f3n Trujillo. A trav\u00e9s de su p\u00e1gina de Facebook, la parlamentaria destac\u00f3 que durante la reuni\u00f3n [&hellip;]<\/p>\n","protected":false},"author":2,"featured_media":30829,"comment_status":"open","ping_status":"open","sticky":false,"template":"","format":"standard","meta":{"footnotes":""},"categories":[63],"tags":[],"class_list":["post-30828","post","type-post","status-publish","format-standard","has-post-thumbnail","hentry","category-noticias"],"_links":{"self":[{"href":"http:\/\/www.perupesquero.org\/web\/wp-json\/wp\/v2\/posts\/30828","targetHints":{"allow":["GET"]}}],"collection":[{"href":"http:\/\/www.perupesquero.org\/web\/wp-json\/wp\/v2\/posts"}],"about":[{"href":"http:\/\/www.perupesquero.org\/web\/wp-json\/wp\/v2\/types\/post"}],"author":[{"embeddable":true,"href":"http:\/\/www.perupesquero.org\/web\/wp-json\/wp\/v2\/users\/2"}],"replies":[{"embeddable":true,"href":"http:\/\/www.perupesquero.org\/web\/wp-json\/wp\/v2\/comments?post=30828"}],"version-history":[{"count":3,"href":"http:\/\/www.perupesquero.org\/web\/wp-json\/wp\/v2\/posts\/30828\/revisions"}],"predecessor-version":[{"id":30832,"href":"http:\/\/www.perupesquero.org\/web\/wp-json\/wp\/v2\/posts\/30828\/revisions\/30832"}],"wp:featuredmedia":[{"embeddable":true,"href":"http:\/\/www.perupesquero.org\/web\/wp-json\/wp\/v2\/media\/30829"}],"wp:attachment":[{"href":"http:\/\/www.perupesquero.org\/web\/wp-json\/wp\/v2\/media?parent=30828"}],"wp:term":[{"taxonomy":"category","embeddable":true,"href":"http:\/\/www.perupesquero.org\/web\/wp-json\/wp\/v2\/categories?post=30828"},{"taxonomy":"post_tag","embeddable":true,"href":"http:\/\/www.perupesquero.org\/web\/wp-json\/wp\/v2\/tags?post=30828"}],"curies":[{"name":"wp","href":"https:\/\/api.w.org\/{rel}","templated":true}]}}