{"id":30826,"date":"2025-04-21T22:55:17","date_gmt":"2025-04-22T03:55:17","guid":{"rendered":"http:\/\/www.perupesquero.org\/web\/?p=30826"},"modified":"2025-04-21T22:55:54","modified_gmt":"2025-04-22T03:55:54","slug":"peru-gremios-de-pescadores-artesanales-de-sechura-piura-interpondran-demanda-de-inconstitucionalidad-contra-la-ley-31749","status":"publish","type":"post","link":"http:\/\/www.perupesquero.org\/web\/peru-gremios-de-pescadores-artesanales-de-sechura-piura-interpondran-demanda-de-inconstitucionalidad-contra-la-ley-31749\/","title":{"rendered":"Per\u00fa: Gremios de pescadores artesanales de Sechura, Piura Interpondr\u00e1n Demanda de Inconstitucionalidad contra la Ley 31749"},"content":{"rendered":"<p>\u00a1No aceptan m\u00e1s normas antit\u00e9cnicas! Con el lema \u201cPesca s\u00ed, petr\u00f3leo no\u201d, esta ma\u00f1ana del 21 de abril, en la provincia de Sechura, Piura, se llev\u00f3 a cabo una masiva reuni\u00f3n que congreg\u00f3 a dirigentes y pescadores artesanales. Durante el encuentro, se eligi\u00f3 al nuevo Coordinador Provincial de la Pesca Artesanal de Consumo Humano Directo y se acord\u00f3 como tarea principal interponer una Demanda de Inconstitucionalidad contra la Ley 31749.<\/p>\n<p>Esta norma, que supuestamente regula el sector, ha sido duramente cuestionada desde su implementaci\u00f3n. Los actores de la pesca artesanal la califican como arbitraria e injusta, ya que, seg\u00fan denuncian, pretende excluirlos de sus \u00e1reas de pesca, las tres millas marinas por el simple hecho de utilizar equipos mecanizados para recoger sus artes de pesca. Frente a ello, exigen al Congreso de la Rep\u00fablica del Per\u00fa enmendar este error legislativo.<\/p>\n<p>En la reuni\u00f3n participaron pescadores de amplia experiencia y conocimiento provenientes de las caletas de Parachique, Constante, Chulliyache, Becar\u00e1, entre otras. Se debatieron las \u00faltimas acciones emprendidas, como el paro provincial, as\u00ed como el rechazo a algunos congresistas piuranos que votaron en contra de la modificatoria de esta ley, afectando directamente la pesca artesanal.<\/p>\n<p>Como nuevo coordinador fue elegido el pescador Jos\u00e9 Luis \u00c1lvarez Saba, quien anunci\u00f3 que la primera acci\u00f3n de su gesti\u00f3n ser\u00e1 la interposici\u00f3n de la Demanda de Inconstitucionalidad contra la Ley 31749. Junto con su directiva, reafirm\u00f3 su compromiso de defender firmemente la actividad pesquera artesanal.<\/p>\n<p>Finalmente, se inform\u00f3 que una delegaci\u00f3n de pescadores viajar\u00e1 a la ciudad de Lima para presentar la medida legal. Jos\u00e9 Luis \u00c1lvarez hizo un llamado a todas las instituciones para brindar su respaldo, e invit\u00f3 a la poblaci\u00f3n a estar atenta a las futuras convocatorias de lucha.<\/p>\n<p>&nbsp;<\/p>\n","protected":false},"excerpt":{"rendered":"<p>\u00a1No aceptan m\u00e1s normas antit\u00e9cnicas! Con el lema \u201cPesca s\u00ed, petr\u00f3leo no\u201d, esta ma\u00f1ana del 21 de abril, en la provincia de Sechura, Piura, se llev\u00f3 a cabo una masiva reuni\u00f3n que congreg\u00f3 a dirigentes y pescadores artesanales. Durante el encuentro, se eligi\u00f3 al nuevo Coordinador Provincial de la Pesca Artesanal de Consumo Humano Directo [&hellip;]<\/p>\n","protected":false},"author":2,"featured_media":30739,"comment_status":"open","ping_status":"open","sticky":false,"template":"","format":"standard","meta":{"footnotes":""},"categories":[63],"tags":[],"class_list":["post-30826","post","type-post","status-publish","format-standard","has-post-thumbnail","hentry","category-noticias"],"_links":{"self":[{"href":"http:\/\/www.perupesquero.org\/web\/wp-json\/wp\/v2\/posts\/30826","targetHints":{"allow":["GET"]}}],"collection":[{"href":"http:\/\/www.perupesquero.org\/web\/wp-json\/wp\/v2\/posts"}],"about":[{"href":"http:\/\/www.perupesquero.org\/web\/wp-json\/wp\/v2\/types\/post"}],"author":[{"embeddable":true,"href":"http:\/\/www.perupesquero.org\/web\/wp-json\/wp\/v2\/users\/2"}],"replies":[{"embeddable":true,"href":"http:\/\/www.perupesquero.org\/web\/wp-json\/wp\/v2\/comments?post=30826"}],"version-history":[{"count":1,"href":"http:\/\/www.perupesquero.org\/web\/wp-json\/wp\/v2\/posts\/30826\/revisions"}],"predecessor-version":[{"id":30827,"href":"http:\/\/www.perupesquero.org\/web\/wp-json\/wp\/v2\/posts\/30826\/revisions\/30827"}],"wp:featuredmedia":[{"embeddable":true,"href":"http:\/\/www.perupesquero.org\/web\/wp-json\/wp\/v2\/media\/30739"}],"wp:attachment":[{"href":"http:\/\/www.perupesquero.org\/web\/wp-json\/wp\/v2\/media?parent=30826"}],"wp:term":[{"taxonomy":"category","embeddable":true,"href":"http:\/\/www.perupesquero.org\/web\/wp-json\/wp\/v2\/categories?post=30826"},{"taxonomy":"post_tag","embeddable":true,"href":"http:\/\/www.perupesquero.org\/web\/wp-json\/wp\/v2\/tags?post=30826"}],"curies":[{"name":"wp","href":"https:\/\/api.w.org\/{rel}","templated":true}]}}