{"id":30813,"date":"2025-04-16T17:27:21","date_gmt":"2025-04-16T22:27:21","guid":{"rendered":"http:\/\/www.perupesquero.org\/web\/?p=30813"},"modified":"2025-04-16T17:36:05","modified_gmt":"2025-04-16T22:36:05","slug":"pescadores-artesanales-del-peru-vencen-a-la-presion-de-las-ong-ley-31749-regresa-a-comision-y-se-suspende-el-d-s-002-2025-produce","status":"publish","type":"post","link":"http:\/\/www.perupesquero.org\/web\/pescadores-artesanales-del-peru-vencen-a-la-presion-de-las-ong-ley-31749-regresa-a-comision-y-se-suspende-el-d-s-002-2025-produce\/","title":{"rendered":"Pescadores artesanales del Per\u00fa vencen a la presi\u00f3n de las ONG: Ley 31749 regresa a Comisi\u00f3n y se suspende el D.S. 002-2025-PRODUCE"},"content":{"rendered":"<p>La uni\u00f3n y fuerza de los pescadores artesanales del Per\u00fa se hizo evidente en la gran movilizaci\u00f3n realizada hoy, mi\u00e9rcoles 16 de abril, en los principales puertos y caletas del litoral, desde Tumbes hasta Ilo. El objetivo fue claro: exigir la modificatoria de la Ley N.\u00ba 31749, durante el debate en el Congreso de la Rep\u00fablica porque la norma los excluye de sus \u00e1reas de pesca.<\/p>\n<p data-start=\"427\" data-end=\"681\">Aunque no se logr\u00f3 la aprobaci\u00f3n inmediata de la modificatoria, se alcanz\u00f3 un avance significativo: la Ley, que excluye a los pescadores artesanales de sus \u00e1reas hist\u00f3ricas de pesca \u2014las tres millas marinas\u2014, por llevar abordo un macaco fue devuelta a la Comisi\u00f3n para su revisi\u00f3n.<\/p>\n<p data-start=\"683\" data-end=\"1117\">Asimismo, se decidi\u00f3 suspender el Decreto Supremo N.\u00ba 002-2025-PRODUCE, que modifica el Reglamento de la Ley General de Pesca (Decreto Supremo N.\u00ba 012-2001-PE). Este reglamento incorporaba los alcances de la Primera Disposici\u00f3n Complementaria Modificatoria de la Ley N.\u00ba 31749, norma que reconoce la pesca tradicional ancestral y la pesca tradicional artesanal, e impulsa su preservaci\u00f3n dentro de las cinco millas mar\u00edtimas peruanas.<\/p>\n<p>As\u00ed, los pescadores artesanales del Per\u00fa, unidos y firmes, lograron una victoria significativa: 82 congresistas votaron a su favor. Entre ellos destacaron Bernardo Pazos, Kelly Portalatino, Lady Camones, Nilsa Chac\u00f3n, H\u00e9ctor Valer, entre otros, quienes, movidos por su compromiso con la pesca artesanal y conscientes de las dif\u00edciles condiciones que enfrentan a diario miles de hombres y mujeres de mar, decidieron brindarles su respaldo en esta lucha justa.<\/p>\n<p data-start=\"606\" data-end=\"1016\">Durante el debate en el hemiciclo, varios pescadores participantes se\u00f1alaron que esta defensa tambi\u00e9n fue una respuesta firme frente a los intereses de cierta ONG y maniobras vinculadas a exploraciones petroleras que amenazan las \u00e1reas de pesca de las tres millas marinas. Esta jornada ha demostrado que, cuando el pueblo del mar se une, su voz puede cruzar las olas, llegar al Congreso y hacerse escuchar con fuerza, dignidad y verdad.<\/p>\n<p>&nbsp;<\/p>\n<p>&nbsp;<\/p>\n","protected":false},"excerpt":{"rendered":"<p>La uni\u00f3n y fuerza de los pescadores artesanales del Per\u00fa se hizo evidente en la gran movilizaci\u00f3n realizada hoy, mi\u00e9rcoles 16 de abril, en los principales puertos y caletas del litoral, desde Tumbes hasta Ilo. El objetivo fue claro: exigir la modificatoria de la Ley N.\u00ba 31749, durante el debate en el Congreso de la [&hellip;]<\/p>\n","protected":false},"author":2,"featured_media":30814,"comment_status":"open","ping_status":"open","sticky":false,"template":"","format":"standard","meta":{"footnotes":""},"categories":[63],"tags":[],"class_list":["post-30813","post","type-post","status-publish","format-standard","has-post-thumbnail","hentry","category-noticias"],"_links":{"self":[{"href":"http:\/\/www.perupesquero.org\/web\/wp-json\/wp\/v2\/posts\/30813","targetHints":{"allow":["GET"]}}],"collection":[{"href":"http:\/\/www.perupesquero.org\/web\/wp-json\/wp\/v2\/posts"}],"about":[{"href":"http:\/\/www.perupesquero.org\/web\/wp-json\/wp\/v2\/types\/post"}],"author":[{"embeddable":true,"href":"http:\/\/www.perupesquero.org\/web\/wp-json\/wp\/v2\/users\/2"}],"replies":[{"embeddable":true,"href":"http:\/\/www.perupesquero.org\/web\/wp-json\/wp\/v2\/comments?post=30813"}],"version-history":[{"count":2,"href":"http:\/\/www.perupesquero.org\/web\/wp-json\/wp\/v2\/posts\/30813\/revisions"}],"predecessor-version":[{"id":30816,"href":"http:\/\/www.perupesquero.org\/web\/wp-json\/wp\/v2\/posts\/30813\/revisions\/30816"}],"wp:featuredmedia":[{"embeddable":true,"href":"http:\/\/www.perupesquero.org\/web\/wp-json\/wp\/v2\/media\/30814"}],"wp:attachment":[{"href":"http:\/\/www.perupesquero.org\/web\/wp-json\/wp\/v2\/media?parent=30813"}],"wp:term":[{"taxonomy":"category","embeddable":true,"href":"http:\/\/www.perupesquero.org\/web\/wp-json\/wp\/v2\/categories?post=30813"},{"taxonomy":"post_tag","embeddable":true,"href":"http:\/\/www.perupesquero.org\/web\/wp-json\/wp\/v2\/tags?post=30813"}],"curies":[{"name":"wp","href":"https:\/\/api.w.org\/{rel}","templated":true}]}}