{"id":30806,"date":"2025-04-15T22:52:04","date_gmt":"2025-04-16T03:52:04","guid":{"rendered":"http:\/\/www.perupesquero.org\/web\/?p=30806"},"modified":"2025-04-15T22:59:11","modified_gmt":"2025-04-16T03:59:11","slug":"movilizacion-nacional-de-pescadores-artesanales-contra-la-ley-31749-que-los-expulsa-de-las-tres-millas-marinas","status":"publish","type":"post","link":"http:\/\/www.perupesquero.org\/web\/movilizacion-nacional-de-pescadores-artesanales-contra-la-ley-31749-que-los-expulsa-de-las-tres-millas-marinas\/","title":{"rendered":"Movilizaci\u00f3n nacional de pescadores artesanales contra la Ley 31749 que los expulsa de las tres millas mar\u00ednas"},"content":{"rendered":"<p>Este mi\u00e9rcoles 16 de abril, desde Tumbes hasta Tacna, pasando por Sechura, Bay\u00f3var, Constante, Paita, Lambayeque, La Libertad, Chimbote, Coishco, Samanco, Casma, Huarmey, Chancay, Pisco, Ilo y Tacna, los puertos y caletas se unir\u00e1n en una protesta nacional: defender su derecho hist\u00f3rico a pescar en las tres millas mar\u00edtimas.<\/p>\n<p>El punto de encuentro ser\u00e1 el puerto de Huarmey, y el motivo de esta protesta nacional es claro: exigir al Congreso de la Rep\u00fablica la modificaci\u00f3n de la Ley 31749, una norma que, seg\u00fan denuncian, los expulsa de su zona tradicional de pesca solo por llevar a bordo el arte de pesca conocido como <em>macaco<\/em>.<\/p>\n<p>Para los pescadores artesanales, esta ley representa una amenaza no solo a su trabajo, sino tambi\u00e9n a su cultura, identidad y a la econom\u00eda de miles de familias que viven del mar. Por eso,\u00a0 semovilizar\u00e1n desde primeras horas de la ma\u00f1ana y prometen no rendirse.<\/p>\n<p>Con el pie en alto y el coraz\u00f3n firme, saldr\u00e1n del mar, a las calles para escribir una nueva historia en la pesca peruana y para recordar que el mar de Grau tambi\u00e9n les pertenece.<\/p>\n","protected":false},"excerpt":{"rendered":"<p>Este mi\u00e9rcoles 16 de abril, desde Tumbes hasta Tacna, pasando por Sechura, Bay\u00f3var, Constante, Paita, Lambayeque, La Libertad, Chimbote, Coishco, Samanco, Casma, Huarmey, Chancay, Pisco, Ilo y Tacna, los puertos y caletas se unir\u00e1n en una protesta nacional: defender su derecho hist\u00f3rico a pescar en las tres millas mar\u00edtimas. El punto de encuentro ser\u00e1 el [&hellip;]<\/p>\n","protected":false},"author":2,"featured_media":26418,"comment_status":"open","ping_status":"open","sticky":false,"template":"","format":"standard","meta":{"footnotes":""},"categories":[63],"tags":[],"class_list":["post-30806","post","type-post","status-publish","format-standard","has-post-thumbnail","hentry","category-noticias"],"_links":{"self":[{"href":"http:\/\/www.perupesquero.org\/web\/wp-json\/wp\/v2\/posts\/30806","targetHints":{"allow":["GET"]}}],"collection":[{"href":"http:\/\/www.perupesquero.org\/web\/wp-json\/wp\/v2\/posts"}],"about":[{"href":"http:\/\/www.perupesquero.org\/web\/wp-json\/wp\/v2\/types\/post"}],"author":[{"embeddable":true,"href":"http:\/\/www.perupesquero.org\/web\/wp-json\/wp\/v2\/users\/2"}],"replies":[{"embeddable":true,"href":"http:\/\/www.perupesquero.org\/web\/wp-json\/wp\/v2\/comments?post=30806"}],"version-history":[{"count":3,"href":"http:\/\/www.perupesquero.org\/web\/wp-json\/wp\/v2\/posts\/30806\/revisions"}],"predecessor-version":[{"id":30809,"href":"http:\/\/www.perupesquero.org\/web\/wp-json\/wp\/v2\/posts\/30806\/revisions\/30809"}],"wp:featuredmedia":[{"embeddable":true,"href":"http:\/\/www.perupesquero.org\/web\/wp-json\/wp\/v2\/media\/26418"}],"wp:attachment":[{"href":"http:\/\/www.perupesquero.org\/web\/wp-json\/wp\/v2\/media?parent=30806"}],"wp:term":[{"taxonomy":"category","embeddable":true,"href":"http:\/\/www.perupesquero.org\/web\/wp-json\/wp\/v2\/categories?post=30806"},{"taxonomy":"post_tag","embeddable":true,"href":"http:\/\/www.perupesquero.org\/web\/wp-json\/wp\/v2\/tags?post=30806"}],"curies":[{"name":"wp","href":"https:\/\/api.w.org\/{rel}","templated":true}]}}