{"id":30792,"date":"2025-04-14T16:47:26","date_gmt":"2025-04-14T21:47:26","guid":{"rendered":"http:\/\/www.perupesquero.org\/web\/?p=30792"},"modified":"2025-04-14T16:52:47","modified_gmt":"2025-04-14T21:52:47","slug":"gobierno-extingue-programa-wasi-mikuy-y-declara-en-emergencia-el-servicio-alimentario-escolar","status":"publish","type":"post","link":"http:\/\/www.perupesquero.org\/web\/gobierno-extingue-programa-wasi-mikuy-y-declara-en-emergencia-el-servicio-alimentario-escolar\/","title":{"rendered":"Gobierno extingue programa Wasi Mikuy y declara en emergencia el servicio alimentario escolar"},"content":{"rendered":"<p>Luego de los casos de intoxicaci\u00f3n masiva en escolares de las regiones de Piura y Amazonas,\u00a0 por el consumo de conservas de pescado en mal estado entregadas a trav\u00e9s del servicio de alimentaci\u00f3n gratuita, el Gobierno aprob\u00f3 la extinci\u00f3n del <strong data-start=\"527\" data-end=\"595\">Programa Nacional de Alimentaci\u00f3n Escolar Comunitaria Wasi Mikuy<\/strong> y declar\u00f3 en emergencia el servicio alimentario escolar. Esta medida fue oficializada mediante el <a href=\"https:\/\/busquedas.elperuano.pe\/dispositivo\/NL\/2390288-1\"><strong data-start=\"694\" data-end=\"730\">Decreto Supremo N.\u00ba 047-2025-PCM<\/strong>,<\/a> firmado por la presidenta <strong data-start=\"758\" data-end=\"775\">Dina Boluarte<\/strong>.<\/p>\n<p data-start=\"778\" data-end=\"1114\">La norma establece que el proceso de extinci\u00f3n del programa no exceder\u00e1 el <strong data-start=\"853\" data-end=\"880\">31 de diciembre de 2025<\/strong>. Hasta esa fecha se mantendr\u00e1 vigente la declaratoria de emergencia, con el fin de dictar medidas excepcionales que aseguren una transici\u00f3n ordenada y salvaguarden la vida, la seguridad alimentaria y la salud de la poblaci\u00f3n escolar.<\/p>\n<h4 data-start=\"1116\" data-end=\"1213\">\u00bfEst\u00e1 en riesgo la alimentaci\u00f3n de 4.2 millones de escolares tras la extinci\u00f3n de Wasi Mikuy?<\/h4>\n<p data-start=\"1215\" data-end=\"1460\">\u201cEsta decisi\u00f3n urgente e inmediata se tom\u00f3 ante los eventos ocurridos desde el inicio del presente a\u00f1o escolar, los cuales habr\u00edan afectado la salud de los ni\u00f1os y ni\u00f1as beneficiarios del servicio alimentario escolar\u201d, se\u00f1ala el decreto supremo.<\/p>\n<h4 data-start=\"1462\" data-end=\"1500\">Nuevas modalidades y rol del MIDIS<\/h4>\n<p>El decreto tambi\u00e9n establece que el <strong data-start=\"1538\" data-end=\"1593\">Ministerio de Desarrollo e Inclusi\u00f3n Social (MIDIS)<\/strong> definir\u00e1 las nuevas modalidades de entrega del servicio alimentario escolar, las cuales ser\u00e1n formalizadas mediante resoluci\u00f3n ministerial.<\/p>\n<p>Asimismo, se instruye al programa Wasi Mikuy a <strong data-start=\"1784\" data-end=\"1865\">suspender el consumo de conservas de pescado, pollo y pavita a nivel nacional<\/strong>, como medida preventiva.<\/p>\n<p>\u201cEl MIDIS dispondr\u00e1 las acciones necesarias y aprobar\u00e1 los dispositivos normativos y\/o mecanismos pertinentes para garantizar la atenci\u00f3n oportuna a los usuarios del servicio de alimentaci\u00f3n escolar durante el a\u00f1o fiscal 2025, en el marco de la normativa vigente y aplicable\u201d, precisa la norma.<\/p>\n<p>En un plazo m\u00e1ximo de <strong data-start=\"2210\" data-end=\"2232\">cinco d\u00edas h\u00e1biles<\/strong>, contados desde la entrada en vigencia del presente decreto supremo, se conformar\u00e1 la <strong data-start=\"2319\" data-end=\"2348\">Comisi\u00f3n de Transferencia<\/strong> encargada de gestionar el traspaso de recursos presupuestales, bienes, acervo documentario, activos, pasivos y dem\u00e1s responsabilidades del programa Wasi Mikuy al MIDIS.<\/p>\n","protected":false},"excerpt":{"rendered":"<p>Luego de los casos de intoxicaci\u00f3n masiva en escolares de las regiones de Piura y Amazonas,\u00a0 por el consumo de conservas de pescado en mal estado entregadas a trav\u00e9s del servicio de alimentaci\u00f3n gratuita, el Gobierno aprob\u00f3 la extinci\u00f3n del Programa Nacional de Alimentaci\u00f3n Escolar Comunitaria Wasi Mikuy y declar\u00f3 en emergencia el servicio alimentario [&hellip;]<\/p>\n","protected":false},"author":2,"featured_media":30793,"comment_status":"open","ping_status":"open","sticky":false,"template":"","format":"standard","meta":{"footnotes":""},"categories":[63],"tags":[],"class_list":["post-30792","post","type-post","status-publish","format-standard","has-post-thumbnail","hentry","category-noticias"],"_links":{"self":[{"href":"http:\/\/www.perupesquero.org\/web\/wp-json\/wp\/v2\/posts\/30792","targetHints":{"allow":["GET"]}}],"collection":[{"href":"http:\/\/www.perupesquero.org\/web\/wp-json\/wp\/v2\/posts"}],"about":[{"href":"http:\/\/www.perupesquero.org\/web\/wp-json\/wp\/v2\/types\/post"}],"author":[{"embeddable":true,"href":"http:\/\/www.perupesquero.org\/web\/wp-json\/wp\/v2\/users\/2"}],"replies":[{"embeddable":true,"href":"http:\/\/www.perupesquero.org\/web\/wp-json\/wp\/v2\/comments?post=30792"}],"version-history":[{"count":3,"href":"http:\/\/www.perupesquero.org\/web\/wp-json\/wp\/v2\/posts\/30792\/revisions"}],"predecessor-version":[{"id":30796,"href":"http:\/\/www.perupesquero.org\/web\/wp-json\/wp\/v2\/posts\/30792\/revisions\/30796"}],"wp:featuredmedia":[{"embeddable":true,"href":"http:\/\/www.perupesquero.org\/web\/wp-json\/wp\/v2\/media\/30793"}],"wp:attachment":[{"href":"http:\/\/www.perupesquero.org\/web\/wp-json\/wp\/v2\/media?parent=30792"}],"wp:term":[{"taxonomy":"category","embeddable":true,"href":"http:\/\/www.perupesquero.org\/web\/wp-json\/wp\/v2\/categories?post=30792"},{"taxonomy":"post_tag","embeddable":true,"href":"http:\/\/www.perupesquero.org\/web\/wp-json\/wp\/v2\/tags?post=30792"}],"curies":[{"name":"wp","href":"https:\/\/api.w.org\/{rel}","templated":true}]}}