{"id":30749,"date":"2025-04-08T20:22:19","date_gmt":"2025-04-09T01:22:19","guid":{"rendered":"http:\/\/www.perupesquero.org\/web\/?p=30749"},"modified":"2025-04-08T20:22:19","modified_gmt":"2025-04-09T01:22:19","slug":"alerta-pescadores-artesanales-preparan-marcha-historica-al-congreso-exigen-modificacion-de-la-ley-31749-que-los-excluye-de-sus-areas-de-pesca","status":"publish","type":"post","link":"http:\/\/www.perupesquero.org\/web\/alerta-pescadores-artesanales-preparan-marcha-historica-al-congreso-exigen-modificacion-de-la-ley-31749-que-los-excluye-de-sus-areas-de-pesca\/","title":{"rendered":"\u00a1Alerta! Pescadores artesanales preparan marcha hist\u00f3rica al congreso: Exigen modificaci\u00f3n de la Ley 31749 que los excluye de sus \u00e1reas de pesca"},"content":{"rendered":"<p>Los pescadores artesanales del Norte, Centro y Sur del Per\u00fa est\u00e1n en pie de lucha. \u00a1Una gran marcha de sacrificio se est\u00e1 gestando rumbo al congreso peruano! La raz\u00f3n: la feroz Ley 31749, que bajo el falso pretexto de &#8220;proteger&#8221; el mar y sus recursos, est\u00e1 expulsando a miles de familias de las zonas donde han trabajado por generaciones.<\/p>\n<p>Esta ley, que en principio promet\u00eda reconocer y fortalecer la pesca artesanal y ancestral, en realidad est\u00e1 condenando a los pescadores artesanales a la miseria. \u00bfC\u00f3mo? Prohibiendo el uso de equipos mecanizados (macaco) y limitando el acceso a las \u00e1reas de pesca donde hist\u00f3ricamente han trabajado, las tres millas marinas, dej\u00e1ndolos sin sustento, sin futuro. \u00a1Es una verdadera injusticia!<\/p>\n<p>Con esta marcha, los pescadores artesanales demostrar\u00e1n que est\u00e1n unidos y fuertes para hacer frente a la norma, por lo exigir\u00e1n la modificaci\u00f3n urgente de la Ley 31749, que, lejos de proteger, est\u00e1 favoreciendo intereses ajenos a las comunidades pesqueras. \u00a1Es hora de alzar la voz! La pesca artesanal no es un simple negocio, es la forma de vida de miles de peruanos que dependen del mar para sobrevivir, sostienen.<\/p>\n<p>La comunidad pesquera est\u00e1 lista para marchar con determinaci\u00f3n, con el coraz\u00f3n lleno de coraje, para que sus derechos sean escuchados en el congreso. No es solo una lucha por sus \u00e1reas marinas, es una lucha por la dignidad de un pueblo que vive de lo que el el mar de Grau les ofrece.<\/p>\n<p>Este es solo el comienzo. \u00bfHasta cu\u00e1ndo se seguir\u00e1 ignorando a los verdaderos actores del mar peruano? \u00a1La movilizaci\u00f3n est\u00e1 en marcha , y la justicia no puede esperar!. Los artesanales cuentan con el apoyo de los legisladores: Lady Camones, Bernardo Pazos, Maricruz Zeta, Kely Portalatino, Darwin Espinoza y Nilza Chac\u00f3n.<\/p>\n<p>&nbsp;<\/p>\n","protected":false},"excerpt":{"rendered":"<p>Los pescadores artesanales del Norte, Centro y Sur del Per\u00fa est\u00e1n en pie de lucha. \u00a1Una gran marcha de sacrificio se est\u00e1 gestando rumbo al congreso peruano! La raz\u00f3n: la feroz Ley 31749, que bajo el falso pretexto de &#8220;proteger&#8221; el mar y sus recursos, est\u00e1 expulsando a miles de familias de las zonas donde [&hellip;]<\/p>\n","protected":false},"author":2,"featured_media":24269,"comment_status":"open","ping_status":"open","sticky":false,"template":"","format":"standard","meta":{"footnotes":""},"categories":[63],"tags":[],"class_list":["post-30749","post","type-post","status-publish","format-standard","has-post-thumbnail","hentry","category-noticias"],"_links":{"self":[{"href":"http:\/\/www.perupesquero.org\/web\/wp-json\/wp\/v2\/posts\/30749","targetHints":{"allow":["GET"]}}],"collection":[{"href":"http:\/\/www.perupesquero.org\/web\/wp-json\/wp\/v2\/posts"}],"about":[{"href":"http:\/\/www.perupesquero.org\/web\/wp-json\/wp\/v2\/types\/post"}],"author":[{"embeddable":true,"href":"http:\/\/www.perupesquero.org\/web\/wp-json\/wp\/v2\/users\/2"}],"replies":[{"embeddable":true,"href":"http:\/\/www.perupesquero.org\/web\/wp-json\/wp\/v2\/comments?post=30749"}],"version-history":[{"count":1,"href":"http:\/\/www.perupesquero.org\/web\/wp-json\/wp\/v2\/posts\/30749\/revisions"}],"predecessor-version":[{"id":30750,"href":"http:\/\/www.perupesquero.org\/web\/wp-json\/wp\/v2\/posts\/30749\/revisions\/30750"}],"wp:featuredmedia":[{"embeddable":true,"href":"http:\/\/www.perupesquero.org\/web\/wp-json\/wp\/v2\/media\/24269"}],"wp:attachment":[{"href":"http:\/\/www.perupesquero.org\/web\/wp-json\/wp\/v2\/media?parent=30749"}],"wp:term":[{"taxonomy":"category","embeddable":true,"href":"http:\/\/www.perupesquero.org\/web\/wp-json\/wp\/v2\/categories?post=30749"},{"taxonomy":"post_tag","embeddable":true,"href":"http:\/\/www.perupesquero.org\/web\/wp-json\/wp\/v2\/tags?post=30749"}],"curies":[{"name":"wp","href":"https:\/\/api.w.org\/{rel}","templated":true}]}}