{"id":30693,"date":"2025-03-27T20:46:36","date_gmt":"2025-03-28T01:46:36","guid":{"rendered":"http:\/\/www.perupesquero.org\/web\/?p=30693"},"modified":"2025-03-27T20:48:05","modified_gmt":"2025-03-28T01:48:05","slug":"alerta-roja-en-el-peru-pronosticos-erroneos-de-el-nino-costero-desatan-panico-en-la-industria-pesquera","status":"publish","type":"post","link":"http:\/\/www.perupesquero.org\/web\/alerta-roja-en-el-peru-pronosticos-erroneos-de-el-nino-costero-desatan-panico-en-la-industria-pesquera\/","title":{"rendered":"\u00a1ALERTA ROJA EN EL PER\u00da! Pron\u00f3sticos err\u00f3neos de El Ni\u00f1o Costero desatan p\u00e1nico en la industria pesquera"},"content":{"rendered":"<p>Los pron\u00f3sticos sobre la posible ocurrencia del mal llamado fen\u00f3meno El Ni\u00f1o Costero, acompa\u00f1ado por la llegada de una onda Kelvin c\u00e1lida, han desatado el p\u00e1nico en la industria pesquera nacional. Si este fen\u00f3meno llegara a producirse, podr\u00eda tener caracter\u00edsticas similares a las de 2017 o incluso 2023, lo que ha generado preocupaciones entre los actores del sector. Sin embargo, las condiciones actuales parecen indicar lo contrario.<\/p>\n<p>Para tranquilidad de los peruanos, la predominancia de los vientos Alisos, que soplan desde el sur y cerca de la costa, refuerza la idea de que esta hip\u00f3tesis de calentamiento y llegada de la onda Kelvin c\u00e1lida se desmorona. De hecho, en todos los puertos de la costa central y norte del Per\u00fa, con excepci\u00f3n de Tumbes, se observan anomal\u00edas negativas en las temperaturas del agua. Esto sugiere que las condiciones se est\u00e1n acercando a los valores normales, o incluso presentan una tendencia hacia La Ni\u00f1a, lo que podr\u00eda generar una situaci\u00f3n m\u00e1s estable para la pesca.<\/p>\n<p>Tal como lo viene pronosticando la \u00a0Oficina Nacional de Administraci\u00f3n Oce\u00e1nica y Atmosf\u00e9rica (NOAA, sigla en ingl\u00e9s), en el \u00e1rea Ni\u00f1o 3,4 que en su \u00faltimo bolet\u00edn revela que el valor de anomal\u00eda es de -0.1\u00b0C, mientras que en el \u00c1rea 1+2 (frente costa centro de Per\u00fa), la anomal\u00eda llega a 0.9\u00b0C, valor con tendencia a enfriarse cada semana.<\/p>\n<p>Es importante se\u00f1alar que, al comparar lo sucedido en 2017, 2023 y 2025, se observa una gran diferencia. En 2017, las anomal\u00edas en marzo fueron de +1.9\u00b0C en promedio. En cambio, en 2023, desde principios de marzo hasta finales de noviembre (oto\u00f1o, verano y la mitad de invierno), las anomal\u00edas fueron positivas y oscilaron entre 2\u00b0C y 3.5\u00b0C. Por otro lado, en 2025, en lo que va de marzo, la anomal\u00eda ha ido disminuyendo, pasando de 1.6\u00b0C a 1.3\u00b0C y luego a 0.9\u00b0C, con una tendencia a seguir bajando, acerc\u00e1ndose a valores normales.<\/p>\n<p>Asimismo, los pron\u00f3sticos de lluvias m\u00e1s fuertes de lo normal en Piura, Chiclayo y Trujillo han resultado ser lo contrario. En lugar de las precipitaciones esperadas, las lluvias han sido inferiores a lo pronosticado, lo que ha generado una discrepancia entre lo previsto y lo ocurrido.<\/p>\n<p>\u00bfQu\u00e9 suceder\u00e1 con la pesca de anchoveta?<\/p>\n<p>Ahora, si comparamos las temperaturas de mar del a\u00f1o 2024, que alcanzaron anomal\u00edas negativas de hasta -1.1\u00b0C en mayo, con las del presente a\u00f1o 2025, en el que las condiciones son normales, pero ligeramente m\u00e1s c\u00e1lidas (dentro del rango esperado), se puede prever que la situaci\u00f3n de la pesca de anchoveta ser\u00e1 favorable. Esto sugiere que la biomasa del recurso ser\u00e1 saludable, lo que podr\u00eda generar una buena perspectiva para la pesca.<\/p>\n<p>Si bien no se puede descartar el ingreso de ondas Kelvin c\u00e1lidas, como ocurri\u00f3 en 2019, cuando la temperatura en Paita y Chicama aument\u00f3 7\u00b0C y 6\u00b0C en una semana, respectivamente, las condiciones oceanogr\u00e1ficas actuales no muestran ninguna situaci\u00f3n preocupante. Si la primera temporada de pesca se inicia en abril, como parece ser el caso, las perspectivas podr\u00edan ser positivas. Perupesquero continuar\u00e1 su monitoreo en colaboraci\u00f3n con cient\u00edficos y estudiantes. Es crucial proporcionar pron\u00f3sticos precisos a los tomadores de decisiones, para evitar errores y la declaraci\u00f3n de emergencias innecesarias.<\/p>\n<p>Imagen: Senamhi<\/p>\n","protected":false},"excerpt":{"rendered":"<p>Los pron\u00f3sticos sobre la posible ocurrencia del mal llamado fen\u00f3meno El Ni\u00f1o Costero, acompa\u00f1ado por la llegada de una onda Kelvin c\u00e1lida, han desatado el p\u00e1nico en la industria pesquera nacional. Si este fen\u00f3meno llegara a producirse, podr\u00eda tener caracter\u00edsticas similares a las de 2017 o incluso 2023, lo que ha generado preocupaciones entre los [&hellip;]<\/p>\n","protected":false},"author":2,"featured_media":30694,"comment_status":"open","ping_status":"open","sticky":false,"template":"","format":"standard","meta":{"footnotes":""},"categories":[63],"tags":[],"class_list":["post-30693","post","type-post","status-publish","format-standard","has-post-thumbnail","hentry","category-noticias"],"_links":{"self":[{"href":"http:\/\/www.perupesquero.org\/web\/wp-json\/wp\/v2\/posts\/30693","targetHints":{"allow":["GET"]}}],"collection":[{"href":"http:\/\/www.perupesquero.org\/web\/wp-json\/wp\/v2\/posts"}],"about":[{"href":"http:\/\/www.perupesquero.org\/web\/wp-json\/wp\/v2\/types\/post"}],"author":[{"embeddable":true,"href":"http:\/\/www.perupesquero.org\/web\/wp-json\/wp\/v2\/users\/2"}],"replies":[{"embeddable":true,"href":"http:\/\/www.perupesquero.org\/web\/wp-json\/wp\/v2\/comments?post=30693"}],"version-history":[{"count":2,"href":"http:\/\/www.perupesquero.org\/web\/wp-json\/wp\/v2\/posts\/30693\/revisions"}],"predecessor-version":[{"id":30696,"href":"http:\/\/www.perupesquero.org\/web\/wp-json\/wp\/v2\/posts\/30693\/revisions\/30696"}],"wp:featuredmedia":[{"embeddable":true,"href":"http:\/\/www.perupesquero.org\/web\/wp-json\/wp\/v2\/media\/30694"}],"wp:attachment":[{"href":"http:\/\/www.perupesquero.org\/web\/wp-json\/wp\/v2\/media?parent=30693"}],"wp:term":[{"taxonomy":"category","embeddable":true,"href":"http:\/\/www.perupesquero.org\/web\/wp-json\/wp\/v2\/categories?post=30693"},{"taxonomy":"post_tag","embeddable":true,"href":"http:\/\/www.perupesquero.org\/web\/wp-json\/wp\/v2\/tags?post=30693"}],"curies":[{"name":"wp","href":"https:\/\/api.w.org\/{rel}","templated":true}]}}