{"id":30653,"date":"2025-03-19T13:38:30","date_gmt":"2025-03-19T18:38:30","guid":{"rendered":"http:\/\/www.perupesquero.org\/web\/?p=30653"},"modified":"2025-03-19T13:38:39","modified_gmt":"2025-03-19T18:38:39","slug":"derrame-de-petroleo-en-mar-de-ecuador-pone-en-peligro-a-peces-rios-y-a-colombia","status":"publish","type":"post","link":"http:\/\/www.perupesquero.org\/web\/derrame-de-petroleo-en-mar-de-ecuador-pone-en-peligro-a-peces-rios-y-a-colombia\/","title":{"rendered":"Derrame de petr\u00f3leo en mar de Ecuador pone en peligro a peces, r\u00edos y a Colombia"},"content":{"rendered":"<p>El devastador derrame de crudo ocurrido el 13 de marzo en la provincia ecuatoriana de Esmeraldas, cerca de la frontera con Colombia, ha alcanzado dimensiones alarmantes. La rotura de una tuber\u00eda del Sistema de Oleoducto Transecuatoriano (SOTE) en el sector El Vergel ha provocado una r\u00e1pida dispersi\u00f3n del petr\u00f3leo por los r\u00edos Viche y Esmeraldas, afectando gravemente a comunidades cercanas como Mirador y San Mateo, as\u00ed como a zonas costeras como Camarones, Palestina y Bocana de Ostiones.<\/p>\n<p data-start=\"720\" data-end=\"1291\">Las autoridades ecuatorianas est\u00e1n luchando por contener el desastre, con miles de barriles de crudo recolectados en piscinas de contenci\u00f3n. Sin embargo, la situaci\u00f3n sigue fuera de control, y las operaciones de limpieza podr\u00edan tomar meses debido a la magnitud del da\u00f1o. &#8220;No tenemos datos precisos, pero se habla de que ya han retirado 200 tanqueros de combustible&#8221;, coment\u00f3 Maykel Avell\u00e1n, jefe de Riesgo de Quinind\u00e9. A pesar de los esfuerzos, las constantes lluvias est\u00e1n dificultando a\u00fan m\u00e1s la contenci\u00f3n, y el impacto en la salud de la poblaci\u00f3n local es inminente.<\/p>\n<p data-start=\"1293\" data-end=\"1734\">Los gases t\u00f3xicos generados por el crudo derramado est\u00e1n afectando seriamente a la poblaci\u00f3n, con alrededor de 15.000 personas en Quinind\u00e9 experimentando dificultades respiratorias. &#8220;El olor del petr\u00f3leo no nos deja dormir&#8221;, relat\u00f3 una de las afectadas. El gobierno de Ecuador ha declarado la emergencia medioambiental, y las autoridades est\u00e1n trabajando en una intervenci\u00f3n urgente para mitigar los efectos del desastre y restaurar la zona.<\/p>\n<p data-start=\"1736\" data-end=\"1945\">La grave amenaza de que los residuos lleguen a Colombia hace de este desastre una crisis transnacional, poniendo en peligro no solo el ecosistema local, sino tambi\u00e9n la seguridad ambiental de la regi\u00f3n vecina.<\/p>\n<p>&nbsp;<\/p>\n","protected":false},"excerpt":{"rendered":"<p>El devastador derrame de crudo ocurrido el 13 de marzo en la provincia ecuatoriana de Esmeraldas, cerca de la frontera con Colombia, ha alcanzado dimensiones alarmantes. La rotura de una tuber\u00eda del Sistema de Oleoducto Transecuatoriano (SOTE) en el sector El Vergel ha provocado una r\u00e1pida dispersi\u00f3n del petr\u00f3leo por los r\u00edos Viche y Esmeraldas, [&hellip;]<\/p>\n","protected":false},"author":2,"featured_media":30654,"comment_status":"open","ping_status":"open","sticky":false,"template":"","format":"standard","meta":{"footnotes":""},"categories":[63],"tags":[],"class_list":["post-30653","post","type-post","status-publish","format-standard","has-post-thumbnail","hentry","category-noticias"],"_links":{"self":[{"href":"http:\/\/www.perupesquero.org\/web\/wp-json\/wp\/v2\/posts\/30653","targetHints":{"allow":["GET"]}}],"collection":[{"href":"http:\/\/www.perupesquero.org\/web\/wp-json\/wp\/v2\/posts"}],"about":[{"href":"http:\/\/www.perupesquero.org\/web\/wp-json\/wp\/v2\/types\/post"}],"author":[{"embeddable":true,"href":"http:\/\/www.perupesquero.org\/web\/wp-json\/wp\/v2\/users\/2"}],"replies":[{"embeddable":true,"href":"http:\/\/www.perupesquero.org\/web\/wp-json\/wp\/v2\/comments?post=30653"}],"version-history":[{"count":1,"href":"http:\/\/www.perupesquero.org\/web\/wp-json\/wp\/v2\/posts\/30653\/revisions"}],"predecessor-version":[{"id":30655,"href":"http:\/\/www.perupesquero.org\/web\/wp-json\/wp\/v2\/posts\/30653\/revisions\/30655"}],"wp:featuredmedia":[{"embeddable":true,"href":"http:\/\/www.perupesquero.org\/web\/wp-json\/wp\/v2\/media\/30654"}],"wp:attachment":[{"href":"http:\/\/www.perupesquero.org\/web\/wp-json\/wp\/v2\/media?parent=30653"}],"wp:term":[{"taxonomy":"category","embeddable":true,"href":"http:\/\/www.perupesquero.org\/web\/wp-json\/wp\/v2\/categories?post=30653"},{"taxonomy":"post_tag","embeddable":true,"href":"http:\/\/www.perupesquero.org\/web\/wp-json\/wp\/v2\/tags?post=30653"}],"curies":[{"name":"wp","href":"https:\/\/api.w.org\/{rel}","templated":true}]}}