{"id":30616,"date":"2025-03-11T16:12:43","date_gmt":"2025-03-11T21:12:43","guid":{"rendered":"http:\/\/www.perupesquero.org\/web\/?p=30616"},"modified":"2025-03-11T16:12:54","modified_gmt":"2025-03-11T21:12:54","slug":"subpesca-se-pronuncia-sobre-movilizacion-de-pescadores-y-reitera-la-urgencia-de-discutir-la-ley-de-fraccionamiento","status":"publish","type":"post","link":"http:\/\/www.perupesquero.org\/web\/subpesca-se-pronuncia-sobre-movilizacion-de-pescadores-y-reitera-la-urgencia-de-discutir-la-ley-de-fraccionamiento\/","title":{"rendered":"Subpesca se pronuncia sobre movilizaci\u00f3n de pescadores y reitera la urgencia de discutir la Ley de Fraccionamiento"},"content":{"rendered":"<p>Este proyecto, presentado en septiembre de 2024, tiene como objetivo &#8220;corregir&#8221; la distribuci\u00f3n de recursos entre la pesca artesanal e industrial. En enero, fue despachado de la Comisi\u00f3n de Intereses Mar\u00edtimos, Pesca y Acuicultura del Senado. Actualmente, la Ley de Fraccionamiento se encuentra con &#8220;urgencia de discusi\u00f3n inmediata&#8221;.<\/p>\n<p data-start=\"384\" data-end=\"929\">La Subsecretar\u00eda de Pesca y Acuicultura (Subpesca) se pronunci\u00f3 respecto a la movilizaci\u00f3n de pescadores artesanales que tuvo lugar este martes en distintas partes del pa\u00eds, con foco principal en la regi\u00f3n de Valpara\u00edso. En un comunicado, informaron que est\u00e1n monitoreando la situaci\u00f3n junto con la Subsecretar\u00eda del Interior y las delegaciones regionales correspondientes. Adem\u00e1s, expresaron que comprenden la &#8220;necesidad&#8221; del sector de avanzar hacia una distribuci\u00f3n &#8220;m\u00e1s justa y equitativa&#8221; de las cuotas entre la pesca artesanal e industrial.<\/p>\n<p>En este contexto, Subpesca destac\u00f3 la relevancia del proyecto de Ley de Fraccionamiento, presentado por el gobierno en septiembre de 2024. Esta iniciativa busca &#8220;corregir&#8221; la distribuci\u00f3n injusta de los recursos, consider\u00e1ndola como el &#8220;coraz\u00f3n&#8221; de la Ley de Pesca.<\/p>\n<p data-start=\"1198\" data-end=\"1501\">De acuerdo con lo anterior, subrayaron que el Ejecutivo ha reiterado constantemente la urgencia de discutir este proyecto desde su ingreso al Senado en noviembre de 2024. Adem\u00e1s, recordaron que la iniciativa fue despachada en enero por la Comisi\u00f3n de Intereses Mar\u00edtimos, Pesca y Acuicultura del Senado.<\/p>\n<p data-start=\"1503\" data-end=\"1744\">En la actualidad, la Ley de Fraccionamiento se encuentra con &#8220;urgencia de discusi\u00f3n inmediata&#8221;. Por ello, la Subpesca indic\u00f3 que &#8220;har\u00e1 presente a la Comisi\u00f3n de Hacienda y la presidencia del Senado la importancia de acelerar su tramitaci\u00f3n&#8221;.<\/p>\n<p>&#8220;Entendemos el leg\u00edtimo derecho que tienen los convocantes a aspirar a una mayor justicia distributiva. No obstante, como reguladores del sector pesquero, rechazamos categ\u00f3ricamente las consecuencias que este tipo de protestas generan en la ciudadan\u00eda, que no es responsable de los retrasos observados en la tramitaci\u00f3n legislativa del proyecto de fraccionamiento&#8221;, concluy\u00f3 la Subpesca.<\/p>\n<p>&nbsp;<\/p>\n","protected":false},"excerpt":{"rendered":"<p>Este proyecto, presentado en septiembre de 2024, tiene como objetivo &#8220;corregir&#8221; la distribuci\u00f3n de recursos entre la pesca artesanal e industrial. En enero, fue despachado de la Comisi\u00f3n de Intereses Mar\u00edtimos, Pesca y Acuicultura del Senado. Actualmente, la Ley de Fraccionamiento se encuentra con &#8220;urgencia de discusi\u00f3n inmediata&#8221;. La Subsecretar\u00eda de Pesca y Acuicultura (Subpesca) [&hellip;]<\/p>\n","protected":false},"author":2,"featured_media":27517,"comment_status":"open","ping_status":"open","sticky":false,"template":"","format":"standard","meta":{"footnotes":""},"categories":[63],"tags":[],"class_list":["post-30616","post","type-post","status-publish","format-standard","has-post-thumbnail","hentry","category-noticias"],"_links":{"self":[{"href":"http:\/\/www.perupesquero.org\/web\/wp-json\/wp\/v2\/posts\/30616","targetHints":{"allow":["GET"]}}],"collection":[{"href":"http:\/\/www.perupesquero.org\/web\/wp-json\/wp\/v2\/posts"}],"about":[{"href":"http:\/\/www.perupesquero.org\/web\/wp-json\/wp\/v2\/types\/post"}],"author":[{"embeddable":true,"href":"http:\/\/www.perupesquero.org\/web\/wp-json\/wp\/v2\/users\/2"}],"replies":[{"embeddable":true,"href":"http:\/\/www.perupesquero.org\/web\/wp-json\/wp\/v2\/comments?post=30616"}],"version-history":[{"count":1,"href":"http:\/\/www.perupesquero.org\/web\/wp-json\/wp\/v2\/posts\/30616\/revisions"}],"predecessor-version":[{"id":30617,"href":"http:\/\/www.perupesquero.org\/web\/wp-json\/wp\/v2\/posts\/30616\/revisions\/30617"}],"wp:featuredmedia":[{"embeddable":true,"href":"http:\/\/www.perupesquero.org\/web\/wp-json\/wp\/v2\/media\/27517"}],"wp:attachment":[{"href":"http:\/\/www.perupesquero.org\/web\/wp-json\/wp\/v2\/media?parent=30616"}],"wp:term":[{"taxonomy":"category","embeddable":true,"href":"http:\/\/www.perupesquero.org\/web\/wp-json\/wp\/v2\/categories?post=30616"},{"taxonomy":"post_tag","embeddable":true,"href":"http:\/\/www.perupesquero.org\/web\/wp-json\/wp\/v2\/tags?post=30616"}],"curies":[{"name":"wp","href":"https:\/\/api.w.org\/{rel}","templated":true}]}}