{"id":30564,"date":"2025-02-28T15:48:18","date_gmt":"2025-02-28T20:48:18","guid":{"rendered":"http:\/\/www.perupesquero.org\/web\/?p=30564"},"modified":"2025-02-28T15:48:18","modified_gmt":"2025-02-28T20:48:18","slug":"pescadores-de-peru-visitan-valparaiso-para-conocer-los-avances-de-la-pesca-artesanal-en-chile","status":"publish","type":"post","link":"http:\/\/www.perupesquero.org\/web\/pescadores-de-peru-visitan-valparaiso-para-conocer-los-avances-de-la-pesca-artesanal-en-chile\/","title":{"rendered":"Pescadores de Per\u00fa visitan Valpara\u00edso para conocer los avances de la pesca artesanal en Chile"},"content":{"rendered":"<p>En el marco de la 13\u00aa Reuni\u00f3n de la Organizaci\u00f3n Regional de Ordenamiento Pesquero del Pac\u00edfico Sur (OROP-PS), que tuvo lugar recientemente con Per\u00fa como pa\u00eds anfitri\u00f3n, y donde se acord\u00f3 un hist\u00f3rico aumento del 25% en la cuota de pesca de jurel para el a\u00f1o 2025, un grupo de dirigentes pescadores de Per\u00fa viaj\u00f3 la semana pasada a Valpara\u00edso para intercambiar experiencias y visiones con sus colegas chilenos.<\/p>\n<p data-start=\"561\" data-end=\"940\">Los pescadores peruanos, dedicados principalmente a la pesca de jibia (<em data-start=\"632\" data-end=\"649\">Dosidicus gigas<\/em>), se trasladaron a la ciudad puerto con el objetivo de compartir conocimientos sobre el desarrollo de esta pesquer\u00eda clave en ambos pa\u00edses, as\u00ed como para conocer en detalle la normativa y regulaci\u00f3n pesquera chilena, con la intenci\u00f3n de evaluar posibles adaptaciones en el contexto peruano.<\/p>\n<p data-start=\"942\" data-end=\"1385\">En las oficinas centrales de la Subsecretar\u00eda de Pesca y Acuicultura (Subpesca), los representantes de la subsecretar\u00eda presentaron a los visitantes los avances en la implementaci\u00f3n de las \u00c1reas de Manejo y Explotaci\u00f3n de Recursos Bent\u00f3nicos (AMERB). Se destac\u00f3 la efectividad de esta iniciativa en la conservaci\u00f3n de recursos marinos y en la mejora de la calidad de vida de las organizaciones que participan en el r\u00e9gimen, entre otros logros.<\/p>\n<p data-start=\"942\" data-end=\"1385\">Recogido de la p\u00e1gina aqua.cl<\/p>\n","protected":false},"excerpt":{"rendered":"<p>En el marco de la 13\u00aa Reuni\u00f3n de la Organizaci\u00f3n Regional de Ordenamiento Pesquero del Pac\u00edfico Sur (OROP-PS), que tuvo lugar recientemente con Per\u00fa como pa\u00eds anfitri\u00f3n, y donde se acord\u00f3 un hist\u00f3rico aumento del 25% en la cuota de pesca de jurel para el a\u00f1o 2025, un grupo de dirigentes pescadores de Per\u00fa viaj\u00f3 [&hellip;]<\/p>\n","protected":false},"author":2,"featured_media":30565,"comment_status":"open","ping_status":"open","sticky":false,"template":"","format":"standard","meta":{"footnotes":""},"categories":[63],"tags":[],"class_list":["post-30564","post","type-post","status-publish","format-standard","has-post-thumbnail","hentry","category-noticias"],"_links":{"self":[{"href":"http:\/\/www.perupesquero.org\/web\/wp-json\/wp\/v2\/posts\/30564","targetHints":{"allow":["GET"]}}],"collection":[{"href":"http:\/\/www.perupesquero.org\/web\/wp-json\/wp\/v2\/posts"}],"about":[{"href":"http:\/\/www.perupesquero.org\/web\/wp-json\/wp\/v2\/types\/post"}],"author":[{"embeddable":true,"href":"http:\/\/www.perupesquero.org\/web\/wp-json\/wp\/v2\/users\/2"}],"replies":[{"embeddable":true,"href":"http:\/\/www.perupesquero.org\/web\/wp-json\/wp\/v2\/comments?post=30564"}],"version-history":[{"count":1,"href":"http:\/\/www.perupesquero.org\/web\/wp-json\/wp\/v2\/posts\/30564\/revisions"}],"predecessor-version":[{"id":30566,"href":"http:\/\/www.perupesquero.org\/web\/wp-json\/wp\/v2\/posts\/30564\/revisions\/30566"}],"wp:featuredmedia":[{"embeddable":true,"href":"http:\/\/www.perupesquero.org\/web\/wp-json\/wp\/v2\/media\/30565"}],"wp:attachment":[{"href":"http:\/\/www.perupesquero.org\/web\/wp-json\/wp\/v2\/media?parent=30564"}],"wp:term":[{"taxonomy":"category","embeddable":true,"href":"http:\/\/www.perupesquero.org\/web\/wp-json\/wp\/v2\/categories?post=30564"},{"taxonomy":"post_tag","embeddable":true,"href":"http:\/\/www.perupesquero.org\/web\/wp-json\/wp\/v2\/tags?post=30564"}],"curies":[{"name":"wp","href":"https:\/\/api.w.org\/{rel}","templated":true}]}}