{"id":30489,"date":"2025-02-18T18:37:00","date_gmt":"2025-02-18T23:37:00","guid":{"rendered":"http:\/\/www.perupesquero.org\/web\/?p=30489"},"modified":"2025-02-18T18:37:09","modified_gmt":"2025-02-18T23:37:09","slug":"peru-defiende-un-modelo-de-gestion-pesquera-basado-en-ciencia-y-transparencia-en-reunion-internacional","status":"publish","type":"post","link":"http:\/\/www.perupesquero.org\/web\/peru-defiende-un-modelo-de-gestion-pesquera-basado-en-ciencia-y-transparencia-en-reunion-internacional\/","title":{"rendered":"Per\u00fa defiende un modelo de gesti\u00f3n pesquera basado en ciencia y transparencia en reuni\u00f3n internacional"},"content":{"rendered":"<p data-start=\"71\" data-end=\"342\">El viceministro de Pesca y Acuicultura, Jes\u00fas Barrientos, participa en Chile en la 13\u00aa reuni\u00f3n de la Organizaci\u00f3n Regional de Ordenaci\u00f3n Pesquera del Pac\u00edfico Sur (OROP-PS), donde se discutir\u00e1n medidas clave para el manejo responsable de especies como la pota y el jurel.<\/p>\n<p data-start=\"344\" data-end=\"683\">Durante esta semana, Barrientos liderar\u00e1 la delegaci\u00f3n peruana en reuniones con los pa\u00edses miembros, donde exigir\u00e1 mayor transparencia en la gesti\u00f3n pesquera, la estandarizaci\u00f3n de la informaci\u00f3n compartida, y la implementaci\u00f3n de herramientas para reforzar el monitoreo satelital con el fin de combatir la pesca ilegal en el Pac\u00edfico Sur.<\/p>\n<p data-start=\"685\" data-end=\"883\">&#8220;Defenderemos todas las propuestas que promuevan un ordenamiento pesquero responsable y sostenible, respetando la soberan\u00eda de nuestras doscientas millas marinas&#8221;, afirm\u00f3 el viceministro Barrientos.<\/p>\n","protected":false},"excerpt":{"rendered":"<p>El viceministro de Pesca y Acuicultura, Jes\u00fas Barrientos, participa en Chile en la 13\u00aa reuni\u00f3n de la Organizaci\u00f3n Regional de Ordenaci\u00f3n Pesquera del Pac\u00edfico Sur (OROP-PS), donde se discutir\u00e1n medidas clave para el manejo responsable de especies como la pota y el jurel. Durante esta semana, Barrientos liderar\u00e1 la delegaci\u00f3n peruana en reuniones con los [&hellip;]<\/p>\n","protected":false},"author":2,"featured_media":30490,"comment_status":"open","ping_status":"open","sticky":false,"template":"","format":"standard","meta":{"footnotes":""},"categories":[63],"tags":[],"class_list":["post-30489","post","type-post","status-publish","format-standard","has-post-thumbnail","hentry","category-noticias"],"_links":{"self":[{"href":"http:\/\/www.perupesquero.org\/web\/wp-json\/wp\/v2\/posts\/30489","targetHints":{"allow":["GET"]}}],"collection":[{"href":"http:\/\/www.perupesquero.org\/web\/wp-json\/wp\/v2\/posts"}],"about":[{"href":"http:\/\/www.perupesquero.org\/web\/wp-json\/wp\/v2\/types\/post"}],"author":[{"embeddable":true,"href":"http:\/\/www.perupesquero.org\/web\/wp-json\/wp\/v2\/users\/2"}],"replies":[{"embeddable":true,"href":"http:\/\/www.perupesquero.org\/web\/wp-json\/wp\/v2\/comments?post=30489"}],"version-history":[{"count":1,"href":"http:\/\/www.perupesquero.org\/web\/wp-json\/wp\/v2\/posts\/30489\/revisions"}],"predecessor-version":[{"id":30491,"href":"http:\/\/www.perupesquero.org\/web\/wp-json\/wp\/v2\/posts\/30489\/revisions\/30491"}],"wp:featuredmedia":[{"embeddable":true,"href":"http:\/\/www.perupesquero.org\/web\/wp-json\/wp\/v2\/media\/30490"}],"wp:attachment":[{"href":"http:\/\/www.perupesquero.org\/web\/wp-json\/wp\/v2\/media?parent=30489"}],"wp:term":[{"taxonomy":"category","embeddable":true,"href":"http:\/\/www.perupesquero.org\/web\/wp-json\/wp\/v2\/categories?post=30489"},{"taxonomy":"post_tag","embeddable":true,"href":"http:\/\/www.perupesquero.org\/web\/wp-json\/wp\/v2\/tags?post=30489"}],"curies":[{"name":"wp","href":"https:\/\/api.w.org\/{rel}","templated":true}]}}