{"id":30421,"date":"2025-02-04T19:00:43","date_gmt":"2025-02-05T00:00:43","guid":{"rendered":"http:\/\/www.perupesquero.org\/web\/?p=30421"},"modified":"2025-02-04T19:02:33","modified_gmt":"2025-02-05T00:02:33","slug":"produce-y-gore-la-libertad-impulsan-acciones-para-fortalecer-el-sector-pesquero-industrial-y-las-mypes","status":"publish","type":"post","link":"http:\/\/www.perupesquero.org\/web\/produce-y-gore-la-libertad-impulsan-acciones-para-fortalecer-el-sector-pesquero-industrial-y-las-mypes\/","title":{"rendered":"Produce y GORE La Libertad impulsan acciones para fortalecer el sector pesquero, industrial y las MYPEs"},"content":{"rendered":"<p>Con el objetivo de fortalecer la competitividad y el crecimiento del sector productivo en la regi\u00f3n La Libertad, el ministro de la Producci\u00f3n, Sergio Gonz\u00e1lez, junto al gobernador regional, C\u00e9sar Acu\u00f1a, lider\u00f3 una mesa de trabajo en la que se definieron estrategias clave para el desarrollo del sector pesquero, industrial y de las micro y peque\u00f1as empresas (MYPEs).<\/p>\n<p>Durante el encuentro, se anunci\u00f3 la modernizaci\u00f3n del Centro de Innovaci\u00f3n Productiva y Transferencia Tecnol\u00f3gica (CITE) Chavimochic, con una inversi\u00f3n de S\/ 50 millones. \u201cComo Ministerio de la Producci\u00f3n, contamos con una cartera de proyectos estrat\u00e9gicos para La Libertad. Estamos ejecutando la construcci\u00f3n e implementaci\u00f3n del CITE Chavimochic, con una inversi\u00f3n de S\/ 50 millones\u201d, destac\u00f3 el ministro Gonz\u00e1lez.<\/p>\n<p>Fortalecimiento de la pesca artesanal e impulso industrial<\/p>\n<p>Uno de los principales temas abordados fue la modernizaci\u00f3n de los Desembarcaderos Pesqueros Artesanales (DPA) de Pacasmayo, Puerto Malabrigo y Salaverry, con el prop\u00f3sito de optimizar sus condiciones operativas y garantizar mejores servicios para los pescadores artesanales. Se prioriz\u00f3 la elaboraci\u00f3n del expediente t\u00e9cnico del DPA de Malabrigo, dada la necesidad de mejorar la infraestructura del muelle.<\/p>\n<p>Asimismo, se evalu\u00f3 el avance del Parque Industrial Tecno Ecol\u00f3gico La Libertad, que se desarrollar\u00e1 en un \u00e1rea de 168 hect\u00e1reas del proyecto Chavimochic. Actualmente, se est\u00e1n realizando estudios preliminares en coordinaci\u00f3n con la Direcci\u00f3n Regional de Producci\u00f3n (DIREPRO) de La Libertad, con asistencia t\u00e9cnica de Produce.<\/p>\n<p>&#8220;El Programa Nacional de Diversificaci\u00f3n Productiva brinda asistencia t\u00e9cnica para la formulaci\u00f3n de proyectos de parques industriales. Es un compromiso del Estado para fortalecer la reactivaci\u00f3n econ\u00f3mica del pa\u00eds&#8221;, subray\u00f3 el titular de Produce.<\/p>\n<p>Apoyo a las MYPE y fortalecimiento del ecosistema de innovaci\u00f3n<\/p>\n<p>En la reuni\u00f3n, se acord\u00f3 coordinar con el Programa Nacional Tu Empresa la implementaci\u00f3n de un Centro de Desarrollo Empresarial (CDE) Agente en la regi\u00f3n, con el fin de brindar asesoramiento a emprendedores en su formalizaci\u00f3n y consolidaci\u00f3n empresarial.<\/p>\n<p>Por su parte, el CITE Cuero y Calzado Trujillo contin\u00faa impulsando iniciativas en beneficio de los productores locales, promoviendo su acceso a programas de compras p\u00fablicas. Este centro cuenta con una planta operativa y un laboratorio en proceso de acreditaci\u00f3n para evaluar la calidad de los productos del sector.<\/p>\n<p>En este contexto, el gobernador regional de La Libertad, C\u00e9sar Acu\u00f1a, anunci\u00f3 la intenci\u00f3n de adquirir calzado escolar para los estudiantes de la regi\u00f3n a trav\u00e9s del Programa Nacional Compras MyPer\u00fa, que permite a las MYPE abastecer de bienes a entidades del Estado. En respuesta, el ministro de la Producci\u00f3n, Sergio Gonz\u00e1lez, expres\u00f3 su respaldo a esta iniciativa y destac\u00f3 la importancia de fortalecer la participaci\u00f3n de las micro y peque\u00f1as empresas de la regi\u00f3n en las compras p\u00fablicas.<\/p>\n<p>En materia de innovaci\u00f3n y desarrollo tecnol\u00f3gico, ProInn\u00f3vate desempe\u00f1a un rol fundamental en el fortalecimiento de la regi\u00f3n, fomentando la integraci\u00f3n de tecnolog\u00edas digitales y biotecnolog\u00eda, as\u00ed como la formaci\u00f3n de talento humano altamente calificado.<\/p>\n<p>&#8220;Nuestro sector dispone de m\u00e1s de S\/ 200 millones en recursos no reembolsables para que nuestras micro, peque\u00f1as y medianas empresas accedan a financiamiento que les permita innovar y obtener certificaciones para la exportaci\u00f3n de sus productos&#8221;, destac\u00f3 el ministro Gonz\u00e1lez.<\/p>\n<p>Participaci\u00f3n de autoridades y representantes del sector<\/p>\n<p>La reuni\u00f3n cont\u00f3 con la participaci\u00f3n de diversas autoridades y representantes del sector productivo. Estuvieron presentes C\u00e9sar Quispe Luj\u00e1n, viceministro de MYPE e Industria; Julia Soto, gerenta regional de la Producci\u00f3n de La Libertad; y Fernando Guerra, presidente de la C\u00e1mara de Comercio de La Libertad. Asimismo, participaron Katia Novoa, jefa del Fondo Nacional de Desarrollo Pesquero (FONDEPES); Alberto Maurer, director ejecutivo del Instituto Tecnol\u00f3gico de la Producci\u00f3n (ITP); y Christian Flores, director ejecutivo del Programa Nacional Tu Empresa.<\/p>\n<p>Tambi\u00e9n asistieron Antonella Romero, directora de la Direcci\u00f3n General de Desarrollo Empresarial; Silvia Carhuamaca, directora ejecutiva del Programa Nacional de Diversificaci\u00f3n Productiva; y Albert Diaz Alfaro, director general de la Direcci\u00f3n General de Pesca Artesanal. Adem\u00e1s, formaron parte del encuentro Solange Sachun Bautinza, responsable regional del Programa A Comer Pescado; No\u00e9 Balb\u00edn, director general de Asuntos Ambientales Pesqueros y Acu\u00edcola, junto a otras autoridades y representantes del sector.<\/p>\n<p>Acciones del Estado para reforzar la seguridad en La Libertad<\/p>\n<p>Tras la reuni\u00f3n, el ministro Sergio Gonz\u00e1lez particip\u00f3 en la presentaci\u00f3n de 200 efectivos policiales provenientes del VRAEM, quienes patrullar\u00e1n las calles de La Libertad para reforzar la seguridad en la regi\u00f3n.<\/p>\n<p>Con estas acciones, el Ministerio de la Producci\u00f3n reafirma su compromiso con el desarrollo sostenible y la competitividad de La Libertad, promoviendo el crecimiento de sus sectores productivos y la generaci\u00f3n de empleo.<\/p>\n","protected":false},"excerpt":{"rendered":"<p>Con el objetivo de fortalecer la competitividad y el crecimiento del sector productivo en la regi\u00f3n La Libertad, el ministro de la Producci\u00f3n, Sergio Gonz\u00e1lez, junto al gobernador regional, C\u00e9sar Acu\u00f1a, lider\u00f3 una mesa de trabajo en la que se definieron estrategias clave para el desarrollo del sector pesquero, industrial y de las micro y [&hellip;]<\/p>\n","protected":false},"author":2,"featured_media":30422,"comment_status":"open","ping_status":"open","sticky":false,"template":"","format":"standard","meta":{"footnotes":""},"categories":[63],"tags":[],"class_list":["post-30421","post","type-post","status-publish","format-standard","has-post-thumbnail","hentry","category-noticias"],"_links":{"self":[{"href":"http:\/\/www.perupesquero.org\/web\/wp-json\/wp\/v2\/posts\/30421","targetHints":{"allow":["GET"]}}],"collection":[{"href":"http:\/\/www.perupesquero.org\/web\/wp-json\/wp\/v2\/posts"}],"about":[{"href":"http:\/\/www.perupesquero.org\/web\/wp-json\/wp\/v2\/types\/post"}],"author":[{"embeddable":true,"href":"http:\/\/www.perupesquero.org\/web\/wp-json\/wp\/v2\/users\/2"}],"replies":[{"embeddable":true,"href":"http:\/\/www.perupesquero.org\/web\/wp-json\/wp\/v2\/comments?post=30421"}],"version-history":[{"count":2,"href":"http:\/\/www.perupesquero.org\/web\/wp-json\/wp\/v2\/posts\/30421\/revisions"}],"predecessor-version":[{"id":30424,"href":"http:\/\/www.perupesquero.org\/web\/wp-json\/wp\/v2\/posts\/30421\/revisions\/30424"}],"wp:featuredmedia":[{"embeddable":true,"href":"http:\/\/www.perupesquero.org\/web\/wp-json\/wp\/v2\/media\/30422"}],"wp:attachment":[{"href":"http:\/\/www.perupesquero.org\/web\/wp-json\/wp\/v2\/media?parent=30421"}],"wp:term":[{"taxonomy":"category","embeddable":true,"href":"http:\/\/www.perupesquero.org\/web\/wp-json\/wp\/v2\/categories?post=30421"},{"taxonomy":"post_tag","embeddable":true,"href":"http:\/\/www.perupesquero.org\/web\/wp-json\/wp\/v2\/tags?post=30421"}],"curies":[{"name":"wp","href":"https:\/\/api.w.org\/{rel}","templated":true}]}}