{"id":30325,"date":"2025-01-17T17:58:31","date_gmt":"2025-01-17T22:58:31","guid":{"rendered":"http:\/\/www.perupesquero.org\/web\/?p=30325"},"modified":"2025-01-17T17:58:40","modified_gmt":"2025-01-17T22:58:40","slug":"gobierno-canario-y-el-sector-pesquero-logran-adelantar-al-20-de-enero-el-inicio-de-la-campana-de-atun-rojo","status":"publish","type":"post","link":"http:\/\/www.perupesquero.org\/web\/gobierno-canario-y-el-sector-pesquero-logran-adelantar-al-20-de-enero-el-inicio-de-la-campana-de-atun-rojo\/","title":{"rendered":"Gobierno Canario y el sector pesquero logran adelantar al 20 de enero el inicio de la campa\u00f1a de at\u00fan rojo"},"content":{"rendered":"<p>La Secretar\u00eda General de Pesca ha publicado una resoluci\u00f3n en el Bolet\u00edn Oficial del Estado que adelanta al 20 de enero el inicio de la campa\u00f1a de at\u00fan rojo de 2025 para los buques canarios, lo que les otorga nueve d\u00edas adicionales en comparaci\u00f3n con la campa\u00f1a anterior para capturar este t\u00fanido durante su paso por las aguas del caladero canario. El nuevo calendario establece dos periodos de pesca: del 20 de enero al 30 de mayo, y del 4 de junio al 31 de diciembre.<\/p>\n<p>La resoluci\u00f3n tambi\u00e9n establece l\u00edmites de captura por tipo de buque y tama\u00f1o para optimizar el aprovechamiento de la cuota a lo largo de toda la campa\u00f1a. En total, los 250 buques canarios podr\u00e1n capturar 537,69 toneladas, la misma cantidad que en el a\u00f1o anterior, cuando se gener\u00f3 un remanente de 84,49 toneladas que no se consumieron.<\/p>\n<p>En una reuni\u00f3n celebrada el jueves entre el viceconsejero de Sector Primario del Gobierno de Canarias, Eduardo Garc\u00eda, y el director general de Pesca, Esteban Reyes, junto con otros representantes del Ministerio de Agricultura, Pesca y Alimentaci\u00f3n, se reiter\u00f3 la solicitud al Estado de modificar la normativa para permitir que los pescadores canarios traspasen el remanente de la cuota anual de at\u00fan rojo a la campa\u00f1a siguiente, conforme al Reglamento 2023\/2053 del Parlamento Europeo y el Consejo.<\/p>\n<p>Para la campa\u00f1a de 2025, se ha aumentado en un 22,5% el l\u00edmite individual de captura para cada buque durante el primer periodo de pesca, con el fin de maximizar el aprovechamiento de la cuota. Adem\u00e1s, la cuota no consumida durante el primer periodo podr\u00e1 ser utilizada por todos los buques sin restricciones individuales en el segundo.<\/p>\n<p>En la reuni\u00f3n tambi\u00e9n se discuti\u00f3 la pesquer\u00eda del patudo, conocida como \u201ctuna\u201d, y la situaci\u00f3n de infraconsumo de la cuota nacional desde 2020, lo que ha llevado a los recurrentes cierres de la pesquer\u00eda para la flota artesanal canaria debido a la falta de cuota. Eduardo Garc\u00eda reiter\u00f3 la urgente necesidad de mejorar la asignaci\u00f3n de cuota a la flota canaria artesanal, a lo que la secretaria general de Pesca, Isabel Artime, se comprometi\u00f3 a desarrollar los cambios normativos necesarios para abordar estas demandas y mejorar la regulaci\u00f3n de las pesquer\u00edas de at\u00fan rojo y patudo.<\/p>\n<p>Fuente: Gobierno de Canaria<\/p>\n","protected":false},"excerpt":{"rendered":"<p>La Secretar\u00eda General de Pesca ha publicado una resoluci\u00f3n en el Bolet\u00edn Oficial del Estado que adelanta al 20 de enero el inicio de la campa\u00f1a de at\u00fan rojo de 2025 para los buques canarios, lo que les otorga nueve d\u00edas adicionales en comparaci\u00f3n con la campa\u00f1a anterior para capturar este t\u00fanido durante su paso [&hellip;]<\/p>\n","protected":false},"author":2,"featured_media":30326,"comment_status":"open","ping_status":"open","sticky":false,"template":"","format":"standard","meta":{"footnotes":""},"categories":[63],"tags":[],"class_list":["post-30325","post","type-post","status-publish","format-standard","has-post-thumbnail","hentry","category-noticias"],"_links":{"self":[{"href":"http:\/\/www.perupesquero.org\/web\/wp-json\/wp\/v2\/posts\/30325","targetHints":{"allow":["GET"]}}],"collection":[{"href":"http:\/\/www.perupesquero.org\/web\/wp-json\/wp\/v2\/posts"}],"about":[{"href":"http:\/\/www.perupesquero.org\/web\/wp-json\/wp\/v2\/types\/post"}],"author":[{"embeddable":true,"href":"http:\/\/www.perupesquero.org\/web\/wp-json\/wp\/v2\/users\/2"}],"replies":[{"embeddable":true,"href":"http:\/\/www.perupesquero.org\/web\/wp-json\/wp\/v2\/comments?post=30325"}],"version-history":[{"count":1,"href":"http:\/\/www.perupesquero.org\/web\/wp-json\/wp\/v2\/posts\/30325\/revisions"}],"predecessor-version":[{"id":30327,"href":"http:\/\/www.perupesquero.org\/web\/wp-json\/wp\/v2\/posts\/30325\/revisions\/30327"}],"wp:featuredmedia":[{"embeddable":true,"href":"http:\/\/www.perupesquero.org\/web\/wp-json\/wp\/v2\/media\/30326"}],"wp:attachment":[{"href":"http:\/\/www.perupesquero.org\/web\/wp-json\/wp\/v2\/media?parent=30325"}],"wp:term":[{"taxonomy":"category","embeddable":true,"href":"http:\/\/www.perupesquero.org\/web\/wp-json\/wp\/v2\/categories?post=30325"},{"taxonomy":"post_tag","embeddable":true,"href":"http:\/\/www.perupesquero.org\/web\/wp-json\/wp\/v2\/tags?post=30325"}],"curies":[{"name":"wp","href":"https:\/\/api.w.org\/{rel}","templated":true}]}}