{"id":30290,"date":"2025-01-09T19:54:49","date_gmt":"2025-01-10T00:54:49","guid":{"rendered":"http:\/\/www.perupesquero.org\/web\/?p=30290"},"modified":"2025-01-09T22:47:43","modified_gmt":"2025-01-10T03:47:43","slug":"presidenta-dina-boluarte-inaugurara-dos-nuevas-patrulleras-maritimas-en-chimbote","status":"publish","type":"post","link":"http:\/\/www.perupesquero.org\/web\/presidenta-dina-boluarte-inaugurara-dos-nuevas-patrulleras-maritimas-en-chimbote\/","title":{"rendered":"Presidenta Dina Boluarte inaugurar\u00e1 dos nuevas patrulleras mar\u00edtimas en Chimbote"},"content":{"rendered":"<p>La presidenta de la Rep\u00fablica, Dina Boluarte Zegarra, llega ma\u00f1ana a Chimbote para participar en la ceremonia clave en las instalaciones de Sima Astilleros. Acompa\u00f1ada de las principales autoridades del Poder Ejecutivo y la Marina de Guerra del Per\u00fa, la Jefa de Estado presidir\u00e1 la inauguraci\u00f3n de dos nuevas patrulleras mar\u00edtimas, bautizadas como: \u201cR\u00edo Nepe\u00f1a\u201d y \u201cR\u00edo Huarmey\u201d, construidas por esta reconocida intituci\u00f3n peruana.<\/p>\n<p>La ceremonia, que se realizar\u00e1 a las 8:30 a.m., se llevar\u00e1 a cabo bajo un protocolo restringido. Solo autoridades invitadas podr\u00e1n asistir, y se ha dispuesto que los medios de comunicaci\u00f3n no tengan acceso al evento.<\/p>\n<p>Estas patrulleras tienen como misi\u00f3n principal: vigilancia y patrullaje mar\u00edtimo en \u00e1reas estrat\u00e9gicas, protecci\u00f3n del medio ambiente marino, b\u00fasqueda y rescate de personas en zonas de riesgo, control del tr\u00e1fico mar\u00edtimo y prevenci\u00f3n de actividades il\u00edcitas, apoyo en situaciones de desastres naturales y evacuaci\u00f3n de personas.<\/p>\n<p>Este acto refleja el compromiso del gobierno con la seguridad mar\u00edtima y la modernizaci\u00f3n de la Armada del Per\u00fa, reforzando la capacidad del pa\u00eds para enfrentar desaf\u00edos en sus costas y contribuir a la seguridad y el bienestar de la poblaci\u00f3n.<\/p>\n","protected":false},"excerpt":{"rendered":"<p>La presidenta de la Rep\u00fablica, Dina Boluarte Zegarra, llega ma\u00f1ana a Chimbote para participar en la ceremonia clave en las instalaciones de Sima Astilleros. Acompa\u00f1ada de las principales autoridades del Poder Ejecutivo y la Marina de Guerra del Per\u00fa, la Jefa de Estado presidir\u00e1 la inauguraci\u00f3n de dos nuevas patrulleras mar\u00edtimas, bautizadas como: \u201cR\u00edo Nepe\u00f1a\u201d [&hellip;]<\/p>\n","protected":false},"author":2,"featured_media":30291,"comment_status":"open","ping_status":"open","sticky":false,"template":"","format":"standard","meta":{"footnotes":""},"categories":[63],"tags":[],"class_list":["post-30290","post","type-post","status-publish","format-standard","has-post-thumbnail","hentry","category-noticias"],"_links":{"self":[{"href":"http:\/\/www.perupesquero.org\/web\/wp-json\/wp\/v2\/posts\/30290","targetHints":{"allow":["GET"]}}],"collection":[{"href":"http:\/\/www.perupesquero.org\/web\/wp-json\/wp\/v2\/posts"}],"about":[{"href":"http:\/\/www.perupesquero.org\/web\/wp-json\/wp\/v2\/types\/post"}],"author":[{"embeddable":true,"href":"http:\/\/www.perupesquero.org\/web\/wp-json\/wp\/v2\/users\/2"}],"replies":[{"embeddable":true,"href":"http:\/\/www.perupesquero.org\/web\/wp-json\/wp\/v2\/comments?post=30290"}],"version-history":[{"count":3,"href":"http:\/\/www.perupesquero.org\/web\/wp-json\/wp\/v2\/posts\/30290\/revisions"}],"predecessor-version":[{"id":30294,"href":"http:\/\/www.perupesquero.org\/web\/wp-json\/wp\/v2\/posts\/30290\/revisions\/30294"}],"wp:featuredmedia":[{"embeddable":true,"href":"http:\/\/www.perupesquero.org\/web\/wp-json\/wp\/v2\/media\/30291"}],"wp:attachment":[{"href":"http:\/\/www.perupesquero.org\/web\/wp-json\/wp\/v2\/media?parent=30290"}],"wp:term":[{"taxonomy":"category","embeddable":true,"href":"http:\/\/www.perupesquero.org\/web\/wp-json\/wp\/v2\/categories?post=30290"},{"taxonomy":"post_tag","embeddable":true,"href":"http:\/\/www.perupesquero.org\/web\/wp-json\/wp\/v2\/tags?post=30290"}],"curies":[{"name":"wp","href":"https:\/\/api.w.org\/{rel}","templated":true}]}}