{"id":30282,"date":"2025-01-09T17:48:57","date_gmt":"2025-01-09T22:48:57","guid":{"rendered":"http:\/\/www.perupesquero.org\/web\/?p=30282"},"modified":"2025-01-09T17:49:09","modified_gmt":"2025-01-09T22:49:09","slug":"austral-group-iniciara-talleres-gratuitos-de-vacaciones-utiles-muevete-2025-en-coishco","status":"publish","type":"post","link":"http:\/\/www.perupesquero.org\/web\/austral-group-iniciara-talleres-gratuitos-de-vacaciones-utiles-muevete-2025-en-coishco\/","title":{"rendered":"Austral Group iniciar\u00e1 talleres gratuitos de vacaciones \u00fatiles \u201cMu\u00e9vete 2025\u201d en Coishco"},"content":{"rendered":"<p><em><strong>Est\u00e1n invitados a participar ni\u00f1os, ni\u00f1as y adolescentes de entre 8 y 16 a\u00f1os, y se estima beneficiar a m\u00e1s de 500 menores para este a\u00f1o.<\/strong><\/em><\/p>\n<p>Con el fin de promover rutinas de vida saludable a trav\u00e9s de la actividad f\u00edsica y cultural, la pesquera Austral Group realizar\u00e1 talleres gratuitos de vacaciones \u00fatiles 2025, dirigido a ni\u00f1os y adolescentes en el distrito de Coishco (\u00c1ncash).<\/p>\n<p>En el marco del programa \u201cMu\u00e9vete\u201d, podr\u00e1n inscribirse ni\u00f1os, ni\u00f1as y adolescentes de entre 8 y 16 a\u00f1os en disciplinas como v\u00f3ley, f\u00fatbol, danzas carnavalescas y baile moderno en Coishco. Las clases de verano iniciar\u00e1n el 13 de enero y las pr\u00e1cticas se realizar\u00e1n durante la semana completando 6 horas por taller.<\/p>\n<p>Los padres de familia podr\u00e1n inscribir a sus hijos el d\u00eda s\u00e1bado 11 de enero de manera presencial en el Campo Deportivo Bolognesi en Coishco. Este programa de verano estima beneficiar a m\u00e1s de 500 ni\u00f1os en este 2025.<\/p>\n<p>Promoviendo una diversi\u00f3n sana<\/p>\n<p>Al respecto, Adriana Giudice, gerente general de Austral Group, destac\u00f3 que -desde el a\u00f1o 2015- el programa Mu\u00e9vete ha beneficiado a m\u00e1s de 3,300 alumnos entre ni\u00f1os, ni\u00f1as y j\u00f3venes.<br \/>\nCabe se\u00f1alar que el programa Mu\u00e9vete tiene como objetivo brindar a los menores un espacio de sano entretenimiento en favor de su bienestar f\u00edsico y emocional.<\/p>\n<p>\u201cDe esta forma, Austral Group reafirma su compromiso con el bienestar de las comunidades de las zonas pesqueras donde opera, incentivando as\u00ed un estilo de vida saludable y llevando a cabo actividades deportivas y culturales\u201d, concluy\u00f3 Giudice.<\/p>\n<p>&nbsp;<\/p>\n<p>&nbsp;<\/p>\n","protected":false},"excerpt":{"rendered":"<p>Est\u00e1n invitados a participar ni\u00f1os, ni\u00f1as y adolescentes de entre 8 y 16 a\u00f1os, y se estima beneficiar a m\u00e1s de 500 menores para este a\u00f1o. Con el fin de promover rutinas de vida saludable a trav\u00e9s de la actividad f\u00edsica y cultural, la pesquera Austral Group realizar\u00e1 talleres gratuitos de vacaciones \u00fatiles 2025, dirigido [&hellip;]<\/p>\n","protected":false},"author":2,"featured_media":30283,"comment_status":"open","ping_status":"open","sticky":false,"template":"","format":"standard","meta":{"footnotes":""},"categories":[63],"tags":[],"class_list":["post-30282","post","type-post","status-publish","format-standard","has-post-thumbnail","hentry","category-noticias"],"_links":{"self":[{"href":"http:\/\/www.perupesquero.org\/web\/wp-json\/wp\/v2\/posts\/30282","targetHints":{"allow":["GET"]}}],"collection":[{"href":"http:\/\/www.perupesquero.org\/web\/wp-json\/wp\/v2\/posts"}],"about":[{"href":"http:\/\/www.perupesquero.org\/web\/wp-json\/wp\/v2\/types\/post"}],"author":[{"embeddable":true,"href":"http:\/\/www.perupesquero.org\/web\/wp-json\/wp\/v2\/users\/2"}],"replies":[{"embeddable":true,"href":"http:\/\/www.perupesquero.org\/web\/wp-json\/wp\/v2\/comments?post=30282"}],"version-history":[{"count":1,"href":"http:\/\/www.perupesquero.org\/web\/wp-json\/wp\/v2\/posts\/30282\/revisions"}],"predecessor-version":[{"id":30284,"href":"http:\/\/www.perupesquero.org\/web\/wp-json\/wp\/v2\/posts\/30282\/revisions\/30284"}],"wp:featuredmedia":[{"embeddable":true,"href":"http:\/\/www.perupesquero.org\/web\/wp-json\/wp\/v2\/media\/30283"}],"wp:attachment":[{"href":"http:\/\/www.perupesquero.org\/web\/wp-json\/wp\/v2\/media?parent=30282"}],"wp:term":[{"taxonomy":"category","embeddable":true,"href":"http:\/\/www.perupesquero.org\/web\/wp-json\/wp\/v2\/categories?post=30282"},{"taxonomy":"post_tag","embeddable":true,"href":"http:\/\/www.perupesquero.org\/web\/wp-json\/wp\/v2\/tags?post=30282"}],"curies":[{"name":"wp","href":"https:\/\/api.w.org\/{rel}","templated":true}]}}