{"id":30279,"date":"2025-01-07T19:53:26","date_gmt":"2025-01-08T00:53:26","guid":{"rendered":"http:\/\/www.perupesquero.org\/web\/?p=30279"},"modified":"2025-01-07T19:53:26","modified_gmt":"2025-01-08T00:53:26","slug":"copernicus-2024-sera-el-ano-mas-calido-jamas-registrado","status":"publish","type":"post","link":"http:\/\/www.perupesquero.org\/web\/copernicus-2024-sera-el-ano-mas-calido-jamas-registrado\/","title":{"rendered":"Copernicus: 2024 ser\u00e1 el a\u00f1o m\u00e1s c\u00e1lido jam\u00e1s registrado"},"content":{"rendered":"<p><span style=\"font-family: 'Arial',sans-serif;\">Seg\u00fan el servicio de vigilancia del cambio clim\u00e1tico Copernicus, el 2024 ser\u00e1 el a\u00f1o m\u00e1s c\u00e1lido registrado hasta el momento, superando el r\u00e9cord de 2023 con una temperatura promedio de 0,16 \u00b0C m\u00e1s alta en los primeros 10 meses del a\u00f1o. Este hito marca no solo un r\u00e9cord hist\u00f3rico, sino tambi\u00e9n el primer a\u00f1o en que se supera el umbral simb\u00f3lico de 1,5 \u00b0C de aumento global respecto a los niveles preindustriales, tal como advierte Carlo Buontempo, director de Copernicus. Este aumento es particularmente significativo dado que el Acuerdo de Par\u00eds, firmado por pa\u00edses en 2015, se compromet\u00eda a mantener el calentamiento global por debajo de los 1,5 \u00b0C para evitar efectos m\u00e1s devastadores.<\/span><\/p>\n<p><span style=\"font-family: 'Arial',sans-serif;\">El cambio clim\u00e1tico ha provocado fen\u00f3menos extremos a lo largo del a\u00f1o, con un incremento de 41 d\u00edas adicionales de calor extremo, lo que ha afectado tanto a la salud humana como a los ecosistemas. Las investigaciones del World Weather Attribution y Climate Central han atribuido el aumento de las olas de calor a la crisis clim\u00e1tica, que tambi\u00e9n ha intensificado otros fen\u00f3menos como incendios forestales en Canad\u00e1, el Amazonas y el Pantanal, y ciclones como el Chido en Mayotte.<\/span><\/p>\n<p><span style=\"font-family: 'Arial',sans-serif;\">Europa ha experimentado un incremento de temperaturas a\u00fan mayor que la media global, alcanzando 2,3 \u00b0C por encima de los niveles preindustriales. Este calentamiento ha sido responsable de incendios devastadores en Portugal y Grecia, y desastres como las inundaciones provocadas por la borrasca Boris en el centro y este de Europa, y la DANA en Valencia, que dej\u00f3 m\u00e1s de 200 muertos. A pesar de esto, en Espa\u00f1a, la sequ\u00eda extrema de a\u00f1os pasados ha cedido gracias a lluvias, aunque las precipitaciones siguen siendo irregulares y dif\u00edciles de aprovechar debido a la intensidad y concentraci\u00f3n.<\/span><\/p>\n<p><span style=\"font-family: 'Arial',sans-serif;\">El impacto del cambio clim\u00e1tico, aunque evidente, sigue siendo dif\u00edcil de percibir en la vida cotidiana de muchas personas, ya que fen\u00f3menos como las olas de calor, aunque mortales, no son tan visibles o &#8220;espectaculares&#8221; como las inundaciones o tormentas. Sin embargo, la adaptaci\u00f3n a estos cambios es crucial, ya que los efectos clim\u00e1ticos no solo afectan el d\u00eda a d\u00eda de las comunidades, sino que amenazan la estabilidad ecol\u00f3gica y econ\u00f3mica a largo plazo.<\/span><\/p>\n<p><span style=\"font-family: 'Arial',sans-serif;\">Este a\u00f1o, con un clima m\u00e1s c\u00e1lido y fen\u00f3menos clim\u00e1ticos extremos m\u00e1s frecuentes, subraya la urgencia de adoptar medidas globales y locales para mitigar los efectos del cambio clim\u00e1tico y prepararse para los nuevos desaf\u00edos que presenta un mundo cada vez m\u00e1s caldeado.<\/span><\/p>\n<p>&nbsp;<\/p>\n","protected":false},"excerpt":{"rendered":"<p>Seg\u00fan el servicio de vigilancia del cambio clim\u00e1tico Copernicus, el 2024 ser\u00e1 el a\u00f1o m\u00e1s c\u00e1lido registrado hasta el momento, superando el r\u00e9cord de 2023 con una temperatura promedio de 0,16 \u00b0C m\u00e1s alta en los primeros 10 meses del a\u00f1o. Este hito marca no solo un r\u00e9cord hist\u00f3rico, sino tambi\u00e9n el primer a\u00f1o en [&hellip;]<\/p>\n","protected":false},"author":2,"featured_media":30280,"comment_status":"open","ping_status":"open","sticky":false,"template":"","format":"standard","meta":{"footnotes":""},"categories":[63],"tags":[],"class_list":["post-30279","post","type-post","status-publish","format-standard","has-post-thumbnail","hentry","category-noticias"],"_links":{"self":[{"href":"http:\/\/www.perupesquero.org\/web\/wp-json\/wp\/v2\/posts\/30279","targetHints":{"allow":["GET"]}}],"collection":[{"href":"http:\/\/www.perupesquero.org\/web\/wp-json\/wp\/v2\/posts"}],"about":[{"href":"http:\/\/www.perupesquero.org\/web\/wp-json\/wp\/v2\/types\/post"}],"author":[{"embeddable":true,"href":"http:\/\/www.perupesquero.org\/web\/wp-json\/wp\/v2\/users\/2"}],"replies":[{"embeddable":true,"href":"http:\/\/www.perupesquero.org\/web\/wp-json\/wp\/v2\/comments?post=30279"}],"version-history":[{"count":1,"href":"http:\/\/www.perupesquero.org\/web\/wp-json\/wp\/v2\/posts\/30279\/revisions"}],"predecessor-version":[{"id":30281,"href":"http:\/\/www.perupesquero.org\/web\/wp-json\/wp\/v2\/posts\/30279\/revisions\/30281"}],"wp:featuredmedia":[{"embeddable":true,"href":"http:\/\/www.perupesquero.org\/web\/wp-json\/wp\/v2\/media\/30280"}],"wp:attachment":[{"href":"http:\/\/www.perupesquero.org\/web\/wp-json\/wp\/v2\/media?parent=30279"}],"wp:term":[{"taxonomy":"category","embeddable":true,"href":"http:\/\/www.perupesquero.org\/web\/wp-json\/wp\/v2\/categories?post=30279"},{"taxonomy":"post_tag","embeddable":true,"href":"http:\/\/www.perupesquero.org\/web\/wp-json\/wp\/v2\/tags?post=30279"}],"curies":[{"name":"wp","href":"https:\/\/api.w.org\/{rel}","templated":true}]}}