{"id":30263,"date":"2025-01-03T19:17:06","date_gmt":"2025-01-04T00:17:06","guid":{"rendered":"http:\/\/www.perupesquero.org\/web\/?p=30263"},"modified":"2025-01-03T19:17:06","modified_gmt":"2025-01-04T00:17:06","slug":"indeci-oleajes-anomalos-de-ligera-a-moderada-intensidad-continuaran-hasta-el-7-de-enero","status":"publish","type":"post","link":"http:\/\/www.perupesquero.org\/web\/indeci-oleajes-anomalos-de-ligera-a-moderada-intensidad-continuaran-hasta-el-7-de-enero\/","title":{"rendered":"INDECI: Oleajes an\u00f3malos de ligera a moderada intensidad continuar\u00e1n hasta el 7 de enero"},"content":{"rendered":"<p>El <strong>Instituto Nacional de Defensa Civil (INDECI)<\/strong> ha emitido una alerta a las autoridades regionales y locales de todo el litoral peruano, tras la publicaci\u00f3n del <strong>Aviso Especial N.\u00ba 001<\/strong> de la <strong>Direcci\u00f3n de Hidrograf\u00eda y Navegaci\u00f3n (DIHIDRONAV)<\/strong> de la <strong>Marina de Guerra del Per\u00fa<\/strong>, el cual informa sobre oleajes an\u00f3malos de intensidad moderada a ligera que afectar\u00e1n la costa hasta el martes 7 de enero de 2025.<\/p>\n<p>Seg\u00fan la informaci\u00f3n proporcionada por la <strong>DIHIDRONAV<\/strong>, los oleajes comenzaron con condiciones moderadas. Sin embargo, en las zonas norte y centro del pa\u00eds, estas olas moderadas cambiar\u00e1n a ligeras a partir de la tarde del viernes 3 de enero, espec\u00edficamente en la franja costera comprendida entre <strong>Salaverry<\/strong> y <strong>Chimbote<\/strong>. En el sur, el oleaje moderado se mantendr\u00e1 hasta la tarde del s\u00e1bado 4 de enero, en el tramo que va desde <strong>San Juan de Marcona<\/strong> hasta <strong>Tacna<\/strong>.<\/p>\n<p>Este fen\u00f3meno presenta un riesgo significativo para la seguridad de los pescadores y la poblaci\u00f3n en general, especialmente en las \u00e1reas costeras, donde las condiciones del mar podr\u00edan generar accidentes y da\u00f1os materiales si no se toman las precauciones adecuadas.<\/p>\n<p>El INDECI ha detallado un conjunto de medidas preventivas para minimizar los riesgos asociados a los oleajes. Entre las principales recomendaciones, destacan las siguientes:<\/p>\n<p>Las autoridades regionales y locales deben informar a la poblaci\u00f3n sobre las precauciones necesarias, haciendo \u00e9nfasis en evitar la exposici\u00f3n al fen\u00f3meno para prevenir accidentes y da\u00f1os tanto personales como materiales.<\/p>\n<p>Se recomienda la suspensi\u00f3n de actividades portuarias y pesqueras, dado el peligro que representan las condiciones del mar. Las embarcaciones deben ser aseguradas y las flotas peque\u00f1as retiradas hacia tierra firme para evitar incidentes.<\/p>\n<p>El INDECI insta a suspender actividades deportivas y recreativas en la zona costera, especialmente aquellas cercanas a la playa, as\u00ed como la realizaci\u00f3n de campamentos en \u00e1reas vulnerables.<\/p>\n<p>&nbsp;<\/p>\n","protected":false},"excerpt":{"rendered":"<p>El Instituto Nacional de Defensa Civil (INDECI) ha emitido una alerta a las autoridades regionales y locales de todo el litoral peruano, tras la publicaci\u00f3n del Aviso Especial N.\u00ba 001 de la Direcci\u00f3n de Hidrograf\u00eda y Navegaci\u00f3n (DIHIDRONAV) de la Marina de Guerra del Per\u00fa, el cual informa sobre oleajes an\u00f3malos de intensidad moderada a [&hellip;]<\/p>\n","protected":false},"author":2,"featured_media":30264,"comment_status":"open","ping_status":"open","sticky":false,"template":"","format":"standard","meta":{"footnotes":""},"categories":[63],"tags":[],"class_list":["post-30263","post","type-post","status-publish","format-standard","has-post-thumbnail","hentry","category-noticias"],"_links":{"self":[{"href":"http:\/\/www.perupesquero.org\/web\/wp-json\/wp\/v2\/posts\/30263","targetHints":{"allow":["GET"]}}],"collection":[{"href":"http:\/\/www.perupesquero.org\/web\/wp-json\/wp\/v2\/posts"}],"about":[{"href":"http:\/\/www.perupesquero.org\/web\/wp-json\/wp\/v2\/types\/post"}],"author":[{"embeddable":true,"href":"http:\/\/www.perupesquero.org\/web\/wp-json\/wp\/v2\/users\/2"}],"replies":[{"embeddable":true,"href":"http:\/\/www.perupesquero.org\/web\/wp-json\/wp\/v2\/comments?post=30263"}],"version-history":[{"count":1,"href":"http:\/\/www.perupesquero.org\/web\/wp-json\/wp\/v2\/posts\/30263\/revisions"}],"predecessor-version":[{"id":30265,"href":"http:\/\/www.perupesquero.org\/web\/wp-json\/wp\/v2\/posts\/30263\/revisions\/30265"}],"wp:featuredmedia":[{"embeddable":true,"href":"http:\/\/www.perupesquero.org\/web\/wp-json\/wp\/v2\/media\/30264"}],"wp:attachment":[{"href":"http:\/\/www.perupesquero.org\/web\/wp-json\/wp\/v2\/media?parent=30263"}],"wp:term":[{"taxonomy":"category","embeddable":true,"href":"http:\/\/www.perupesquero.org\/web\/wp-json\/wp\/v2\/categories?post=30263"},{"taxonomy":"post_tag","embeddable":true,"href":"http:\/\/www.perupesquero.org\/web\/wp-json\/wp\/v2\/tags?post=30263"}],"curies":[{"name":"wp","href":"https:\/\/api.w.org\/{rel}","templated":true}]}}