{"id":30235,"date":"2024-12-28T20:21:49","date_gmt":"2024-12-29T01:21:49","guid":{"rendered":"http:\/\/www.perupesquero.org\/web\/?p=30235"},"modified":"2024-12-28T20:22:01","modified_gmt":"2024-12-29T01:22:01","slug":"produce-refuerza-acciones-tras-oleajes-anomalos-en-piura-y-tumbes-viceministro-jesus-barrientos-lidera-evaluacion-en-caletas-afectadas","status":"publish","type":"post","link":"http:\/\/www.perupesquero.org\/web\/produce-refuerza-acciones-tras-oleajes-anomalos-en-piura-y-tumbes-viceministro-jesus-barrientos-lidera-evaluacion-en-caletas-afectadas\/","title":{"rendered":"Produce refuerza acciones tras oleajes an\u00f3malos en Piura y Tumbes: Viceministro Jes\u00fas Barrientos lidera evaluaci\u00f3n en caletas afectadas"},"content":{"rendered":"<p><em><strong>Fondepes regresar\u00e1 la pr\u00f3xima semana para analizar los da\u00f1os en la infraestructura pesquera artesanal.<\/strong><\/em><\/p>\n<p>En respuesta a los recientes oleajes an\u00f3malos que han generado da\u00f1os significativos en las zonas costeras de Piura y Tumbes, el viceministro de Pesca y Acuicultura, Jes\u00fas Barrientos, junto a directores de l\u00ednea y un equipo t\u00e9cnico especializado, lleg\u00f3 a estas regiones para realizar una evaluaci\u00f3n integral sobre las afectaciones en las comunidades pesqueras.<\/p>\n<p>El recorrido incluy\u00f3 las caletas de Cabo Blanco, El \u00d1uro, Los \u00d3rganos y M\u00e1ncora, en Piura, as\u00ed como Cancas y Acapulco, en Tumbes. Estas localidades, reconocidas por su actividad pesquera artesanal, han sufrido da\u00f1os tanto en su infraestructura como en embarcaciones, poniendo en riesgo los medios de vida de cientos de familias.<\/p>\n<p>&#8220;Nuestro compromiso con los pescadores artesanales es firme. No solo estamos aqu\u00ed para evaluar los da\u00f1os, sino para articular con las autoridades regionales y locales para que las soluciones lleguen de manera r\u00e1pida y efectiva. Es fundamental que estas familias, que dependen directamente del mar, puedan retomar sus actividades cuando se normalicen las condiciones mar\u00edtimas&#8221;, se\u00f1al\u00f3 el viceministro de Pesca y Acuicultura, Jes\u00fas Barrientos.<\/p>\n<p>Durante las visitas a los Desembarcaderos Pesqueros Artesanales, se reuni\u00f3 con autoridades, dirigentes, pescadores y sus familias y recogi\u00f3 las inquietudes de los afectados.<\/p>\n<p>&#8220;Trabajamos de manera articulada con las autoridades locales, regionales y nacionales, porque solo a trav\u00e9s de la unidad y el trabajo conjunto lograremos superar esta emergencia. Desde PRODUCE, no descansaremos hasta ver a estas comunidades nuevamente fortalecidas.&#8221;<\/p>\n<p>El viceministro Barrientos dispuso que el Fondo Nacional de Desarrollo Pesquero (FONDEPES) regresara la pr\u00f3xima semana para realizar una evaluaci\u00f3n exhaustiva de los da\u00f1os en la infraestructura pesquera artesanal. Este trabajo, que se llevar\u00e1 a cabo en coordinaci\u00f3n con las autoridades locales y regionales, permitir\u00e1 priorizar las intervenciones necesarias para la recuperaci\u00f3n de las zonas afectadas.<\/p>\n<p>Articulaci\u00f3n y prevenci\u00f3n: un llamado a la responsabilidad<\/p>\n<p>El ministerio de la Producci\u00f3n (Produce) reitera la importancia de mantenerse informados a trav\u00e9s de canales oficiales y de seguir las recomendaciones de las autoridades para garantizar la seguridad de la poblaci\u00f3n. En ese sentido, Barrientos enfatiz\u00f3 la necesidad de reforzar las medidas de prevenci\u00f3n ante este tipo de fen\u00f3menos naturales:<\/p>\n<p>&#8220;La prevenci\u00f3n salva vidas. Hacemos un llamado a todos los ciudadanos a actuar con prudencia y responsabilidad, especialmente en zonas vulnerables a los embates del mar&#8221;, enfatiz\u00f3 el viceministro Barrientos.<\/p>\n<p>Produce reafirma su compromiso con la seguridad, bienestar y sostenibilidad de los pescadores artesanales y sus familias. Este trabajo conjunto entre el gobierno y las comunidades pesqueras es una muestra de la solidaridad y la resiliencia que caracteriza al Per\u00fa frente a las adversidades.<\/p>\n","protected":false},"excerpt":{"rendered":"<p>Fondepes regresar\u00e1 la pr\u00f3xima semana para analizar los da\u00f1os en la infraestructura pesquera artesanal. En respuesta a los recientes oleajes an\u00f3malos que han generado da\u00f1os significativos en las zonas costeras de Piura y Tumbes, el viceministro de Pesca y Acuicultura, Jes\u00fas Barrientos, junto a directores de l\u00ednea y un equipo t\u00e9cnico especializado, lleg\u00f3 a estas [&hellip;]<\/p>\n","protected":false},"author":2,"featured_media":30236,"comment_status":"open","ping_status":"open","sticky":false,"template":"","format":"standard","meta":{"footnotes":""},"categories":[63],"tags":[],"class_list":["post-30235","post","type-post","status-publish","format-standard","has-post-thumbnail","hentry","category-noticias"],"_links":{"self":[{"href":"http:\/\/www.perupesquero.org\/web\/wp-json\/wp\/v2\/posts\/30235","targetHints":{"allow":["GET"]}}],"collection":[{"href":"http:\/\/www.perupesquero.org\/web\/wp-json\/wp\/v2\/posts"}],"about":[{"href":"http:\/\/www.perupesquero.org\/web\/wp-json\/wp\/v2\/types\/post"}],"author":[{"embeddable":true,"href":"http:\/\/www.perupesquero.org\/web\/wp-json\/wp\/v2\/users\/2"}],"replies":[{"embeddable":true,"href":"http:\/\/www.perupesquero.org\/web\/wp-json\/wp\/v2\/comments?post=30235"}],"version-history":[{"count":1,"href":"http:\/\/www.perupesquero.org\/web\/wp-json\/wp\/v2\/posts\/30235\/revisions"}],"predecessor-version":[{"id":30237,"href":"http:\/\/www.perupesquero.org\/web\/wp-json\/wp\/v2\/posts\/30235\/revisions\/30237"}],"wp:featuredmedia":[{"embeddable":true,"href":"http:\/\/www.perupesquero.org\/web\/wp-json\/wp\/v2\/media\/30236"}],"wp:attachment":[{"href":"http:\/\/www.perupesquero.org\/web\/wp-json\/wp\/v2\/media?parent=30235"}],"wp:term":[{"taxonomy":"category","embeddable":true,"href":"http:\/\/www.perupesquero.org\/web\/wp-json\/wp\/v2\/categories?post=30235"},{"taxonomy":"post_tag","embeddable":true,"href":"http:\/\/www.perupesquero.org\/web\/wp-json\/wp\/v2\/tags?post=30235"}],"curies":[{"name":"wp","href":"https:\/\/api.w.org\/{rel}","templated":true}]}}