{"id":30195,"date":"2024-12-18T21:35:26","date_gmt":"2024-12-19T02:35:26","guid":{"rendered":"http:\/\/www.perupesquero.org\/web\/?p=30195"},"modified":"2024-12-18T21:36:53","modified_gmt":"2024-12-19T02:36:53","slug":"colombia-emiten-resolucion-para-ampliar-zona-exclusiva-de-pesca-artesanal-en-choco","status":"publish","type":"post","link":"http:\/\/www.perupesquero.org\/web\/colombia-emiten-resolucion-para-ampliar-zona-exclusiva-de-pesca-artesanal-en-choco\/","title":{"rendered":"Colombia: Emiten resoluci\u00f3n para ampliar Zona Exclusiva de Pesca Artesanal en Choc\u00f3"},"content":{"rendered":"<p>La <strong>Autoridad Nacional de Acuicultura y Pesca (Aunap)<\/strong> emiti\u00f3 la <strong>Resoluci\u00f3n 2668 de 2024<\/strong>, que ampl\u00eda en un <strong>40%<\/strong> la <strong>Zona Exclusiva de Pesca Artesanal (ZEPA)<\/strong> en el <strong>Pac\u00edfico colombiano<\/strong>, alcanzando <strong>1,776.27 km\u00b2<\/strong>, seg\u00fan el <strong>Centro Sociojur\u00eddico para la Defensa Territorial (Siembra)<\/strong>.<\/p>\n<p>Durante casi 30 a\u00f1os, los pescadores artesanales de los municipios de <strong>Jurad\u00f3<\/strong> y <strong>Bah\u00eda Solano<\/strong> han enfrentado conflictos con la <strong>pesca industrial de at\u00fan y camar\u00f3n<\/strong>, que ha afectado sus recursos pesqueros, reducido las especies clave y causado violencia. En respuesta, las comunidades, representadas por <strong>Fedepesca<\/strong> y el <strong>Consejo Comunitario Los Delfines<\/strong>, interpusieron una <strong>acci\u00f3n popular<\/strong> para proteger sus derechos y ampliar la ZEPA.<\/p>\n<p>En <strong>2019<\/strong>, el Tribunal Administrativo de Cundinamarca fall\u00f3 a favor de las comunidades, reconociendo la <strong>vulneraci\u00f3n de derechos colectivos<\/strong>. La <strong>Sentencia 078 de 2020<\/strong> del Consejo de Estado confirm\u00f3 que la pesca industrial no generaba beneficios para las comunidades locales, ya que no les proporcionaba empleo ni regal\u00edas.<\/p>\n<p>Tras varios an\u00e1lisis, se logr\u00f3 la <strong>ampliaci\u00f3n de la ZEPA<\/strong>, lo que permitir\u00e1 a los pescadores <strong>garantizar su soberan\u00eda alimentaria<\/strong>, mejorar sus medios de vida y fomentar <strong>pr\u00e1cticas sostenibles<\/strong>. Esta medida tambi\u00e9n contribuye a la <strong>conservaci\u00f3n de ecosistemas<\/strong> en una de las \u00e1reas m\u00e1s biodiversas del mundo. <strong>Jorge Iv\u00e1n Chica<\/strong>, representante de la zona, destac\u00f3 que la ZEPA ha sido clave para <strong>preservar tradiciones pesqueras<\/strong> y <strong>ecosistemas locales<\/strong>, ayudando a las comunidades a vivir dignamente y en paz.<\/p>\n","protected":false},"excerpt":{"rendered":"<p>La Autoridad Nacional de Acuicultura y Pesca (Aunap) emiti\u00f3 la Resoluci\u00f3n 2668 de 2024, que ampl\u00eda en un 40% la Zona Exclusiva de Pesca Artesanal (ZEPA) en el Pac\u00edfico colombiano, alcanzando 1,776.27 km\u00b2, seg\u00fan el Centro Sociojur\u00eddico para la Defensa Territorial (Siembra). Durante casi 30 a\u00f1os, los pescadores artesanales de los municipios de Jurad\u00f3 y [&hellip;]<\/p>\n","protected":false},"author":2,"featured_media":30196,"comment_status":"open","ping_status":"open","sticky":false,"template":"","format":"standard","meta":{"footnotes":""},"categories":[63],"tags":[],"class_list":["post-30195","post","type-post","status-publish","format-standard","has-post-thumbnail","hentry","category-noticias"],"_links":{"self":[{"href":"http:\/\/www.perupesquero.org\/web\/wp-json\/wp\/v2\/posts\/30195","targetHints":{"allow":["GET"]}}],"collection":[{"href":"http:\/\/www.perupesquero.org\/web\/wp-json\/wp\/v2\/posts"}],"about":[{"href":"http:\/\/www.perupesquero.org\/web\/wp-json\/wp\/v2\/types\/post"}],"author":[{"embeddable":true,"href":"http:\/\/www.perupesquero.org\/web\/wp-json\/wp\/v2\/users\/2"}],"replies":[{"embeddable":true,"href":"http:\/\/www.perupesquero.org\/web\/wp-json\/wp\/v2\/comments?post=30195"}],"version-history":[{"count":1,"href":"http:\/\/www.perupesquero.org\/web\/wp-json\/wp\/v2\/posts\/30195\/revisions"}],"predecessor-version":[{"id":30197,"href":"http:\/\/www.perupesquero.org\/web\/wp-json\/wp\/v2\/posts\/30195\/revisions\/30197"}],"wp:featuredmedia":[{"embeddable":true,"href":"http:\/\/www.perupesquero.org\/web\/wp-json\/wp\/v2\/media\/30196"}],"wp:attachment":[{"href":"http:\/\/www.perupesquero.org\/web\/wp-json\/wp\/v2\/media?parent=30195"}],"wp:term":[{"taxonomy":"category","embeddable":true,"href":"http:\/\/www.perupesquero.org\/web\/wp-json\/wp\/v2\/categories?post=30195"},{"taxonomy":"post_tag","embeddable":true,"href":"http:\/\/www.perupesquero.org\/web\/wp-json\/wp\/v2\/tags?post=30195"}],"curies":[{"name":"wp","href":"https:\/\/api.w.org\/{rel}","templated":true}]}}