{"id":30185,"date":"2024-12-17T21:13:27","date_gmt":"2024-12-18T02:13:27","guid":{"rendered":"http:\/\/www.perupesquero.org\/web\/?p=30185"},"modified":"2024-12-17T21:13:27","modified_gmt":"2024-12-18T02:13:27","slug":"produce-capacita-a-acuicultores-de-loreto-y-junin-para-fortalecer-el-cultivo-de-peces-amazonicos","status":"publish","type":"post","link":"http:\/\/www.perupesquero.org\/web\/produce-capacita-a-acuicultores-de-loreto-y-junin-para-fortalecer-el-cultivo-de-peces-amazonicos\/","title":{"rendered":"Produce capacita a acuicultores de Loreto y Jun\u00edn para fortalecer el cultivo de peces amaz\u00f3nicos"},"content":{"rendered":"<p><em><strong>Las capacitaciones brindaron las herramientas necesarias para el manejo y la alimentaci\u00f3n de gamitana y paco.<\/strong><\/em><\/p>\n<p>Con un enfoque en sostenibilidad, innovaci\u00f3n y competitividad, el Ministerio de la Producci\u00f3n (Produce), a trav\u00e9s del Fondo Nacional de Desarrollo Pesquero (FONDEPES), realiz\u00f3 dos jornadas de capacitaci\u00f3n en Loreto y Jun\u00edn, con la finalidad de fortalecer las capacidades de las comunidades acu\u00edcolas en el manejo y alimentaci\u00f3n de peces amaz\u00f3nicos como la gamitana y el paco.<\/p>\n<p>En Loreto, la capacitaci\u00f3n tuvo lugar en el Instituto de Educaci\u00f3n Superior Tecnol\u00f3gico P\u00fablico &#8220;Joaqu\u00edn Re\u00e1tegui Medina&#8221;, con la participaci\u00f3n de 37 estudiantes. Aqu\u00ed los asistentes adquirieron conocimientos pr\u00e1cticos sobre las mejores t\u00e9cnicas de manejo para la crianza de peces amaz\u00f3nicos.<\/p>\n<p>Por su parte, en Jun\u00edn, el distrito de Pichanaki, provincia de Chanchamayo, fue el punto de encuentro de la actividad de capacitaci\u00f3n dirigida a 18 participantes, entre productores acu\u00edcolas, autoridades locales y representantes de la cooperativa Acu\u00edcola Selva Central. La sesi\u00f3n, se enfoc\u00f3 en la &#8220;Dosificaci\u00f3n de dietas y raci\u00f3n alimenticia del paco&#8221;, brindando herramientas esenciales para mejorar la eficiencia productiva y garantizar la rentabilidad de las operaciones acu\u00edcolas.<\/p>\n<p>Al concluir ambas jornadas, los participantes recibieron certificaciones que acreditar\u00e1n su compromiso con la mejora continua. Estos talleres tambi\u00e9n promovieron el intercambio de experiencias entre los asistentes, fortaleciendo el tejido social y econ\u00f3mico de las comunidades involucradas.<\/p>\n<p>Estas acciones reflejan el compromiso de Produce con el desarrollo sostenible del sector acu\u00edcola y su papel como motor de crecimiento econ\u00f3mico para las regiones. Adem\u00e1s, estas iniciativas destacan el potencial de los recursos hidrobiol\u00f3gicos amaz\u00f3nicos para generar oportunidades de crecimiento inclusivo y responsable, en l\u00ednea con los objetivos nacionales de desarrollo y sostenibilidad.<\/p>\n<p>&nbsp;<\/p>\n","protected":false},"excerpt":{"rendered":"<p>Las capacitaciones brindaron las herramientas necesarias para el manejo y la alimentaci\u00f3n de gamitana y paco. Con un enfoque en sostenibilidad, innovaci\u00f3n y competitividad, el Ministerio de la Producci\u00f3n (Produce), a trav\u00e9s del Fondo Nacional de Desarrollo Pesquero (FONDEPES), realiz\u00f3 dos jornadas de capacitaci\u00f3n en Loreto y Jun\u00edn, con la finalidad de fortalecer las capacidades [&hellip;]<\/p>\n","protected":false},"author":2,"featured_media":30186,"comment_status":"open","ping_status":"open","sticky":false,"template":"","format":"standard","meta":{"footnotes":""},"categories":[63],"tags":[],"class_list":["post-30185","post","type-post","status-publish","format-standard","has-post-thumbnail","hentry","category-noticias"],"_links":{"self":[{"href":"http:\/\/www.perupesquero.org\/web\/wp-json\/wp\/v2\/posts\/30185","targetHints":{"allow":["GET"]}}],"collection":[{"href":"http:\/\/www.perupesquero.org\/web\/wp-json\/wp\/v2\/posts"}],"about":[{"href":"http:\/\/www.perupesquero.org\/web\/wp-json\/wp\/v2\/types\/post"}],"author":[{"embeddable":true,"href":"http:\/\/www.perupesquero.org\/web\/wp-json\/wp\/v2\/users\/2"}],"replies":[{"embeddable":true,"href":"http:\/\/www.perupesquero.org\/web\/wp-json\/wp\/v2\/comments?post=30185"}],"version-history":[{"count":1,"href":"http:\/\/www.perupesquero.org\/web\/wp-json\/wp\/v2\/posts\/30185\/revisions"}],"predecessor-version":[{"id":30187,"href":"http:\/\/www.perupesquero.org\/web\/wp-json\/wp\/v2\/posts\/30185\/revisions\/30187"}],"wp:featuredmedia":[{"embeddable":true,"href":"http:\/\/www.perupesquero.org\/web\/wp-json\/wp\/v2\/media\/30186"}],"wp:attachment":[{"href":"http:\/\/www.perupesquero.org\/web\/wp-json\/wp\/v2\/media?parent=30185"}],"wp:term":[{"taxonomy":"category","embeddable":true,"href":"http:\/\/www.perupesquero.org\/web\/wp-json\/wp\/v2\/categories?post=30185"},{"taxonomy":"post_tag","embeddable":true,"href":"http:\/\/www.perupesquero.org\/web\/wp-json\/wp\/v2\/tags?post=30185"}],"curies":[{"name":"wp","href":"https:\/\/api.w.org\/{rel}","templated":true}]}}