{"id":30158,"date":"2024-12-12T21:32:26","date_gmt":"2024-12-13T02:32:26","guid":{"rendered":"http:\/\/www.perupesquero.org\/web\/?p=30158"},"modified":"2024-12-12T21:34:39","modified_gmt":"2024-12-13T02:34:39","slug":"director-fundador-de-consorcio-muza-se-pronuncia-tras-la-muerte-de-dos-pescadores-en-malabrigo","status":"publish","type":"post","link":"http:\/\/www.perupesquero.org\/web\/director-fundador-de-consorcio-muza-se-pronuncia-tras-la-muerte-de-dos-pescadores-en-malabrigo\/","title":{"rendered":"Director fundador de Consorcio MUZA se pronuncia tras la muerte de dos pescadores en Malabrigo"},"content":{"rendered":"<p>A trav\u00e9s de un comunicado, Jorge Mundaca Gayoso, director fundador de Consorcio MUZA, expres\u00f3 su profunda tristeza y dolor tras el fatal accidente ocurrido en una de sus embarcaciones, que transportaba anchoveta desde Sechura, Piura. El tr\u00e1gico suceso dej\u00f3 dos pescadores muertos y cuatro se recuperan en el hospital de EsSalud de Casa Grande.<\/p>\n<p>Con palabras cargadas de pesar, Mundaca Gayoso manifest\u00f3 su inmensa tristeza con las familias de las v\u00edctimas y con la comunidad pesquera de la regi\u00f3n. \u201cEste accidente nos ha deja un vac\u00edo profundo que todos compartimos. No hay palabras suficientes para describir el dolor que sentimos por la p\u00e9rdida de dos de nuestros colaboradores, que eran parte de nuestra familia. En este momento tan dif\u00edcil, queremos expresar nuestro m\u00e1s profundo p\u00e9same y nuestro compromiso de acompa\u00f1ar a sus seres queridos en su dolor\u201d, dijo el empresario.<\/p>\n<p>El director de Consorcio MUZA tambi\u00e9n reafirm\u00f3 su compromiso con la seguridad de los trabajadores del mar, asegurando que la empresa tomar\u00e1 medidas urgentes para evitar que tragedias como esta se repitan. \u201cEstamos haciendo todo lo posible para investigar las causas de este accidente y fortalecer nuestras pol\u00edticas de seguridad, porque no hay nada m\u00e1s importante que la vida de nuestros trabajadores\u201d, agreg\u00f3.<\/p>\n<p>&nbsp;<\/p>\n<p>&nbsp;<\/p>\n<p>&nbsp;<\/p>\n<p>&nbsp;<\/p>\n","protected":false},"excerpt":{"rendered":"<p>A trav\u00e9s de un comunicado, Jorge Mundaca Gayoso, director fundador de Consorcio MUZA, expres\u00f3 su profunda tristeza y dolor tras el fatal accidente ocurrido en una de sus embarcaciones, que transportaba anchoveta desde Sechura, Piura. El tr\u00e1gico suceso dej\u00f3 dos pescadores muertos y cuatro se recuperan en el hospital de EsSalud de Casa Grande. Con [&hellip;]<\/p>\n","protected":false},"author":2,"featured_media":30159,"comment_status":"open","ping_status":"open","sticky":false,"template":"","format":"standard","meta":{"footnotes":""},"categories":[63],"tags":[],"class_list":["post-30158","post","type-post","status-publish","format-standard","has-post-thumbnail","hentry","category-noticias"],"_links":{"self":[{"href":"http:\/\/www.perupesquero.org\/web\/wp-json\/wp\/v2\/posts\/30158","targetHints":{"allow":["GET"]}}],"collection":[{"href":"http:\/\/www.perupesquero.org\/web\/wp-json\/wp\/v2\/posts"}],"about":[{"href":"http:\/\/www.perupesquero.org\/web\/wp-json\/wp\/v2\/types\/post"}],"author":[{"embeddable":true,"href":"http:\/\/www.perupesquero.org\/web\/wp-json\/wp\/v2\/users\/2"}],"replies":[{"embeddable":true,"href":"http:\/\/www.perupesquero.org\/web\/wp-json\/wp\/v2\/comments?post=30158"}],"version-history":[{"count":2,"href":"http:\/\/www.perupesquero.org\/web\/wp-json\/wp\/v2\/posts\/30158\/revisions"}],"predecessor-version":[{"id":30161,"href":"http:\/\/www.perupesquero.org\/web\/wp-json\/wp\/v2\/posts\/30158\/revisions\/30161"}],"wp:featuredmedia":[{"embeddable":true,"href":"http:\/\/www.perupesquero.org\/web\/wp-json\/wp\/v2\/media\/30159"}],"wp:attachment":[{"href":"http:\/\/www.perupesquero.org\/web\/wp-json\/wp\/v2\/media?parent=30158"}],"wp:term":[{"taxonomy":"category","embeddable":true,"href":"http:\/\/www.perupesquero.org\/web\/wp-json\/wp\/v2\/categories?post=30158"},{"taxonomy":"post_tag","embeddable":true,"href":"http:\/\/www.perupesquero.org\/web\/wp-json\/wp\/v2\/tags?post=30158"}],"curies":[{"name":"wp","href":"https:\/\/api.w.org\/{rel}","templated":true}]}}