{"id":30143,"date":"2024-12-11T19:02:40","date_gmt":"2024-12-12T00:02:40","guid":{"rendered":"http:\/\/www.perupesquero.org\/web\/?p=30143"},"modified":"2024-12-11T19:05:26","modified_gmt":"2024-12-12T00:05:26","slug":"reglamentos-de-ley-de-reduccion-de-multas-y-ley-n-o-31749-estaran-listos-en-diciembre","status":"publish","type":"post","link":"http:\/\/www.perupesquero.org\/web\/reglamentos-de-ley-de-reduccion-de-multas-y-ley-n-o-31749-estaran-listos-en-diciembre\/","title":{"rendered":"Reglamentos de Ley de Reducci\u00f3n de Multas y Ley N.\u00ba 31749 estar\u00e1n listos en diciembre"},"content":{"rendered":"<p>En el marco de la octava Sesi\u00f3n Ordinaria de la Comisi\u00f3n de Producci\u00f3n, Micro y Peque\u00f1a Empresa y Cooperativas, el viceministro de Pesca y Acuicultura, Jes\u00fas Eloy Barrientos Ruiz, inform\u00f3 sobre los avances en la reglamentaci\u00f3n de normativas esenciales para el sector pesquero. Durante su intervenci\u00f3n, anunci\u00f3 que el reglamento de la Ley de Reducci\u00f3n de Multas ser\u00e1 presentado en la primera quincena de diciembre, mientras que para la segunda quincena de diciembre se prev\u00e9 la culminaci\u00f3n del reglamento de la Ley N.\u00ba 31749, la cual reconoce y protege la pesca tradicional ancestral y artesanal en las cinco millas mar\u00edtimas peruanas. Este anuncio marca un hito en los esfuerzos por fortalecer el sector pesquero, promoviendo su sostenibilidad y desarrollo inclusivo.<\/p>\n<p>Adem\u00e1s, en la sesi\u00f3n, presidida por el vicepresidente Esdras Ricardo Medina Minaya, en reemplazo de la congresista de la Rep\u00fablica Tania Ram\u00edrez, quien se encuentra en descanso m\u00e9dico, se lograron importantes avances legislativos, destacando la aprobaci\u00f3n un\u00e1nime de tres dict\u00e1menes:<\/p>\n<p>1.Ley que modifica el art\u00edculo 1 de la Ley General de Industrias (P.L. 7828\/2022-CR), de autor\u00eda del congresista Jorge Luis Flores Ancachi.<\/p>\n<p>2.Ley que promueve la industrializaci\u00f3n y comercializaci\u00f3n de la Tunta peruana y declara al centro poblado de Chijichaya, en Puno, como capital de la Tunta (P.L. 7910\/2023-CR), tambi\u00e9n presentada por el congresista Flores Ancachi.<\/p>\n<p>3.Ley que declara de inter\u00e9s nacional la promoci\u00f3n del cultivo y la industrializaci\u00f3n del jengibre y la c\u00farcuma (P.L. 8384\/2023-CR), impulsada por el congresista Luis Roberto Kamiche Morante.<\/p>\n<p>Tambi\u00e9n se presentaron proyectos innovadores, como el P.L. 08139\/2023-CR, que promueve la acuicultura simbi\u00f3tica y urbana, impulsado por el congresista Jorge Luis Flores Ancachi, y el P.L. 9243\/2023-CR, que propone declarar de inter\u00e9s nacional la realizaci\u00f3n de ferias de productores y emprendedores del VRAEM, de autor\u00eda del congresista Ra\u00fal Huam\u00e1n Coronado.<\/p>\n<p>Finalmente, se aprob\u00f3 la creaci\u00f3n del Grupo de Trabajo de Pesca, solicitado por el congresista Miguel \u00c1ngel Ciccia V\u00e1squez, con el objetivo de abordar las problem\u00e1ticas espec\u00edficas del sector.<\/p>\n<p>Bajo el liderazgo de la congresista Tania Ram\u00edrez, la comisi\u00f3n ha priorizado proyectos que generan un impacto positivo en la econom\u00eda y calidad de vida de los peruanos. El vicepresidente Esdras Medina destac\u00f3 el esfuerzo conjunto y reafirm\u00f3 el compromiso de la comisi\u00f3n:<br \/>\n\u00abSeguimos trabajando con compromiso para lograr un cambio tangible en los sectores productivos del pa\u00eds. Este esfuerzo colectivo reafirma nuestra dedicaci\u00f3n al bienestar y progreso de todos los peruanos\u00bb. Con estos avances, la Comisi\u00f3n de Producci\u00f3n, Micro y Peque\u00f1a Empresa y Cooperativas ratifica su prop\u00f3sito de construir un Per\u00fa m\u00e1s competitivo, inclusivo y sostenible.<\/p>\n<p class=\"titulo-16 m-0\">Oficina congresal: Medina Minaya, Esdras Ricardo<\/p>\n","protected":false},"excerpt":{"rendered":"<p>En el marco de la octava Sesi\u00f3n Ordinaria de la Comisi\u00f3n de Producci\u00f3n, Micro y Peque\u00f1a Empresa y Cooperativas, el viceministro de Pesca y Acuicultura, Jes\u00fas Eloy Barrientos Ruiz, inform\u00f3 sobre los avances en la reglamentaci\u00f3n de normativas esenciales para el sector pesquero. Durante su intervenci\u00f3n, anunci\u00f3 que el reglamento de la Ley de Reducci\u00f3n [&hellip;]<\/p>\n","protected":false},"author":2,"featured_media":30144,"comment_status":"open","ping_status":"open","sticky":false,"template":"","format":"standard","meta":{"footnotes":""},"categories":[63],"tags":[],"class_list":["post-30143","post","type-post","status-publish","format-standard","has-post-thumbnail","hentry","category-noticias"],"_links":{"self":[{"href":"http:\/\/www.perupesquero.org\/web\/wp-json\/wp\/v2\/posts\/30143","targetHints":{"allow":["GET"]}}],"collection":[{"href":"http:\/\/www.perupesquero.org\/web\/wp-json\/wp\/v2\/posts"}],"about":[{"href":"http:\/\/www.perupesquero.org\/web\/wp-json\/wp\/v2\/types\/post"}],"author":[{"embeddable":true,"href":"http:\/\/www.perupesquero.org\/web\/wp-json\/wp\/v2\/users\/2"}],"replies":[{"embeddable":true,"href":"http:\/\/www.perupesquero.org\/web\/wp-json\/wp\/v2\/comments?post=30143"}],"version-history":[{"count":1,"href":"http:\/\/www.perupesquero.org\/web\/wp-json\/wp\/v2\/posts\/30143\/revisions"}],"predecessor-version":[{"id":30145,"href":"http:\/\/www.perupesquero.org\/web\/wp-json\/wp\/v2\/posts\/30143\/revisions\/30145"}],"wp:featuredmedia":[{"embeddable":true,"href":"http:\/\/www.perupesquero.org\/web\/wp-json\/wp\/v2\/media\/30144"}],"wp:attachment":[{"href":"http:\/\/www.perupesquero.org\/web\/wp-json\/wp\/v2\/media?parent=30143"}],"wp:term":[{"taxonomy":"category","embeddable":true,"href":"http:\/\/www.perupesquero.org\/web\/wp-json\/wp\/v2\/categories?post=30143"},{"taxonomy":"post_tag","embeddable":true,"href":"http:\/\/www.perupesquero.org\/web\/wp-json\/wp\/v2\/tags?post=30143"}],"curies":[{"name":"wp","href":"https:\/\/api.w.org\/{rel}","templated":true}]}}