{"id":2967,"date":"2015-01-07T11:22:46","date_gmt":"2015-01-07T16:22:46","guid":{"rendered":"http:\/\/www.perupesquero.org\/?p=2967"},"modified":"2015-01-07T11:22:46","modified_gmt":"2015-01-07T16:22:46","slug":"se-dara-cuota-de-pesca-de-bonito-en-los-proximos-dias","status":"publish","type":"post","link":"http:\/\/www.perupesquero.org\/web\/se-dara-cuota-de-pesca-de-bonito-en-los-proximos-dias\/","title":{"rendered":"Se dar\u00e1 cuota de Pesca de Bonito en los pr\u00f3ximos d\u00edas"},"content":{"rendered":"<p style=\"text-align: justify;\">En los pr\u00f3ximos d\u00edas se lanzar\u00e1 una norma que permitir\u00e1 una cuota de Pesca de Bonito, tanto industrial como artesanal, inform\u00f3 hoy el Viceministro de Pesca, Juan Carlos Requejo, durante su presentaci\u00f3n ante la comisi\u00f3n de Producci\u00f3n del Congreso.<\/p>\n<p style=\"text-align: justify;\">Tras asegurar que no se abrir\u00e1 una segunda temporada de Pesca de Anchoveta, el funcionario dijo que est\u00e1n ad portas de emitir una norma correspondiente, bajo los lineamientos del IMARPE, que permita la Pesca de Bonito.<\/p>\n<p style=\"text-align: justify;\">En tanto, Germ\u00e1n V\u00e1squez, Presidente de IMARPE, explic\u00f3 las razones que llevaron a su instituci\u00f3n a determinar la suspensi\u00f3n de la segunda temporada de Anchoveta.<\/p>\n<p style=\"text-align: justify;\">De acuerdo a informaci\u00f3n recogida por la Operaci\u00f3n Eureka, la zona norte- centro del Litoral peruano se encuentra plena en recurso juvenil, ya que los ejemplares adultos est\u00e1n en etapa de desove. <em>&#8220;No estamos en una situaci\u00f3n en la que sea posible reabrir la pesquer\u00eda. Hay que cuidar el stock de Anchoveta&#8221;<\/em>, argument\u00f3.<\/p>\n<p style=\"text-align: justify;\">No obstante, aunque los industriales no pueden Pescar por falta de cuota, no se ha afectado la captura de Anchoveta en las embarcaciones de menor escala, debido al menor impacto a la especie. De todas formas, este sector est\u00e1 m\u00e1s vigilado.<\/p>\n<p style=\"text-align: justify;\"><strong>FUENTE:<\/strong> Elcomercio.pe<\/p>\n","protected":false},"excerpt":{"rendered":"<p>En los pr\u00f3ximos d\u00edas se lanzar\u00e1 una norma que permitir\u00e1 una cuota de Pesca de Bonito, tanto industrial como artesanal, inform\u00f3 hoy el Viceministro de Pesca, Juan Carlos Requejo, durante su presentaci\u00f3n ante la comisi\u00f3n de Producci\u00f3n del Congreso. Tras asegurar que no se abrir\u00e1 una segunda temporada de Pesca de Anchoveta, el funcionario dijo [&hellip;]<\/p>\n","protected":false},"author":2,"featured_media":0,"comment_status":"open","ping_status":"open","sticky":false,"template":"","format":"standard","meta":{"footnotes":""},"categories":[78,63,67],"tags":[341,757,915,1352],"class_list":["post-2967","post","type-post","status-publish","format-standard","hentry","category-nacionales","category-noticias","category-pesqueria","tag-bonito","tag-eureka","tag-imarpe","tag-pesca"],"_links":{"self":[{"href":"http:\/\/www.perupesquero.org\/web\/wp-json\/wp\/v2\/posts\/2967","targetHints":{"allow":["GET"]}}],"collection":[{"href":"http:\/\/www.perupesquero.org\/web\/wp-json\/wp\/v2\/posts"}],"about":[{"href":"http:\/\/www.perupesquero.org\/web\/wp-json\/wp\/v2\/types\/post"}],"author":[{"embeddable":true,"href":"http:\/\/www.perupesquero.org\/web\/wp-json\/wp\/v2\/users\/2"}],"replies":[{"embeddable":true,"href":"http:\/\/www.perupesquero.org\/web\/wp-json\/wp\/v2\/comments?post=2967"}],"version-history":[{"count":0,"href":"http:\/\/www.perupesquero.org\/web\/wp-json\/wp\/v2\/posts\/2967\/revisions"}],"wp:attachment":[{"href":"http:\/\/www.perupesquero.org\/web\/wp-json\/wp\/v2\/media?parent=2967"}],"wp:term":[{"taxonomy":"category","embeddable":true,"href":"http:\/\/www.perupesquero.org\/web\/wp-json\/wp\/v2\/categories?post=2967"},{"taxonomy":"post_tag","embeddable":true,"href":"http:\/\/www.perupesquero.org\/web\/wp-json\/wp\/v2\/tags?post=2967"}],"curies":[{"name":"wp","href":"https:\/\/api.w.org\/{rel}","templated":true}]}}