{"id":29280,"date":"2024-07-15T22:13:21","date_gmt":"2024-07-16T03:13:21","guid":{"rendered":"http:\/\/www.perupesquero.org\/web\/?p=29280"},"modified":"2024-07-15T22:14:14","modified_gmt":"2024-07-16T03:14:14","slug":"talara-se-inicio-temporada-de-avistamiento-de-ballenas-en-los-organos","status":"publish","type":"post","link":"http:\/\/www.perupesquero.org\/web\/talara-se-inicio-temporada-de-avistamiento-de-ballenas-en-los-organos\/","title":{"rendered":"Talara: Se inici\u00f3 temporada de avistamiento de ballenas en Los \u00d3rganos"},"content":{"rendered":"<p>El lanzamiento de la temporada 2024 de avistamiento de ballenas jorobadas en el distrito de Los \u00d3rganos, provincia de Talara, fue anunciada hace unas d\u00edas por el actual alcalde Manuel Garrido Castro. Inform\u00f3 que esta temporada, que se inicia cada a\u00f1o en la quincena de julio y se prolonga hasta finales de octubre, es muy esperada porque moviliza a miles de turistas, tanto nacionales como extranjeros, con el objetivo de observar a los gigantes marinos, lo que para los amantes de la naturaleza constituye una experiencia sin igual.<\/p>\n<p>En ese sentido, indic\u00f3 que El \u00d1uro y Los \u00d3rganos se han convertido en destinos que convocan a turistas, amantes de este tipo de espect\u00e1culos naturales y que complementan su visita con la pr\u00e1ctica de deportes acu\u00e1ticos.<\/p>\n<p>En breve di\u00e1logo con este medio de comunicaci\u00f3n, el burgomaestre precis\u00f3 que Dios ha bendecido a su distrito pues el h\u00e1bitat natural para el apareamiento de las ballenas jorobadas est\u00e1 en el mar de Los \u00d3rganos y El \u00d1uro. En ese sentido, garantiz\u00f3 seguridad a los turistas ya que en su distrito opera la Asociaci\u00f3n de Empresarios Tur\u00edsticos \u2013 ASETUR Los \u00d3rganos reconocida por el MINCETUR, que precisamente naci\u00f3 por la delicada situaci\u00f3n de crecimiento desordenado en el avistamiento de ballenas, y cuenta con embarcaciones adecuadas con autorizaci\u00f3n de embarque, desembarque y seguros para el avistamiento.<\/p>\n<p><strong>\u201cLa actividad central est\u00e1 programada para este domingo 14 de julio a las 6 de la ma\u00f1ana con un paseo de autoridades invitadas entre las que destacan del ministerio del ambiente, viceministerio de Turismo, direcciones ejecutivas de PROMPER\u00da y Servicio Nacional de \u00c1reas Naturales Protegidas \u2013 SERNANP, congresistas y otros invitados. Luego, la parte protocolar ser\u00e1 en el Parque Miraflores donde se desarrollar\u00e1 una feria gastron\u00f3mica, artesanal y productiva<\/strong>\u201d, informa la autoridad edil.<\/p>\n<p>Finalmente, mencion\u00f3 que se trata de una experiencia maravillosa que los peruanos tenemos la suerte de presenciar en Los \u00d3rganos que genera un importante flujo de turistas nacionales y extranjeros y que su estancia reactiva la econom\u00eda local y el turismo.<\/p>\n<p>Con informaci\u00f3n del Diario El Regional de Piura<\/p>\n<p>&nbsp;<\/p>\n","protected":false},"excerpt":{"rendered":"<p>El lanzamiento de la temporada 2024 de avistamiento de ballenas jorobadas en el distrito de Los \u00d3rganos, provincia de Talara, fue anunciada hace unas d\u00edas por el actual alcalde Manuel Garrido Castro. Inform\u00f3 que esta temporada, que se inicia cada a\u00f1o en la quincena de julio y se prolonga hasta finales de octubre, es muy [&hellip;]<\/p>\n","protected":false},"author":2,"featured_media":27408,"comment_status":"open","ping_status":"open","sticky":false,"template":"","format":"standard","meta":{"footnotes":""},"categories":[63],"tags":[],"class_list":["post-29280","post","type-post","status-publish","format-standard","has-post-thumbnail","hentry","category-noticias"],"_links":{"self":[{"href":"http:\/\/www.perupesquero.org\/web\/wp-json\/wp\/v2\/posts\/29280","targetHints":{"allow":["GET"]}}],"collection":[{"href":"http:\/\/www.perupesquero.org\/web\/wp-json\/wp\/v2\/posts"}],"about":[{"href":"http:\/\/www.perupesquero.org\/web\/wp-json\/wp\/v2\/types\/post"}],"author":[{"embeddable":true,"href":"http:\/\/www.perupesquero.org\/web\/wp-json\/wp\/v2\/users\/2"}],"replies":[{"embeddable":true,"href":"http:\/\/www.perupesquero.org\/web\/wp-json\/wp\/v2\/comments?post=29280"}],"version-history":[{"count":1,"href":"http:\/\/www.perupesquero.org\/web\/wp-json\/wp\/v2\/posts\/29280\/revisions"}],"predecessor-version":[{"id":29281,"href":"http:\/\/www.perupesquero.org\/web\/wp-json\/wp\/v2\/posts\/29280\/revisions\/29281"}],"wp:featuredmedia":[{"embeddable":true,"href":"http:\/\/www.perupesquero.org\/web\/wp-json\/wp\/v2\/media\/27408"}],"wp:attachment":[{"href":"http:\/\/www.perupesquero.org\/web\/wp-json\/wp\/v2\/media?parent=29280"}],"wp:term":[{"taxonomy":"category","embeddable":true,"href":"http:\/\/www.perupesquero.org\/web\/wp-json\/wp\/v2\/categories?post=29280"},{"taxonomy":"post_tag","embeddable":true,"href":"http:\/\/www.perupesquero.org\/web\/wp-json\/wp\/v2\/tags?post=29280"}],"curies":[{"name":"wp","href":"https:\/\/api.w.org\/{rel}","templated":true}]}}